{"id":65,"date":"2024-02-14T11:00:26","date_gmt":"2024-02-14T11:00:26","guid":{"rendered":"http:\/\/192.168.1.104\/enfold-blog\/?p=1"},"modified":"2024-02-15T11:41:34","modified_gmt":"2024-02-15T11:41:34","slug":"alla-fiera-di-vicenza-svelate-le-novita-della-31-salita-del-costo","status":"publish","type":"post","link":"https:\/\/salitadelcosto.it\/index.php\/2024\/02\/14\/alla-fiera-di-vicenza-svelate-le-novita-della-31-salita-del-costo\/","title":{"rendered":"Alla Fiera di Vicenza svelate le novit\u00e0 della 31^ Salita del Costo"},"content":{"rendered":"<div  class='flex_column av-1ghmt-323452a95a0a9133578b2e5a3ef08dbc av_one_full  avia-builder-el-0  el_before_av_textblock  avia-builder-el-first  first flex_column_div  '     ><style type=\"text\/css\" data-created_by=\"avia_inline_auto\" id=\"style-css-av-lsn3n6kc-2ce93a180955a3ef01966077bcddd7f9\">\n#top .av-special-heading.av-lsn3n6kc-2ce93a180955a3ef01966077bcddd7f9{\npadding-bottom:10px;\n}\nbody .av-special-heading.av-lsn3n6kc-2ce93a180955a3ef01966077bcddd7f9 .av-special-heading-tag .heading-char{\nfont-size:25px;\n}\n.av-special-heading.av-lsn3n6kc-2ce93a180955a3ef01966077bcddd7f9 .av-subheading{\nfont-size:15px;\n}\n<\/style>\n<div  class='av-special-heading av-lsn3n6kc-2ce93a180955a3ef01966077bcddd7f9 av-special-heading-h2 blockquote modern-quote  avia-builder-el-1  avia-builder-el-no-sibling '><h2 class='av-special-heading-tag'  itemprop=\"headline\"  >Alla Fiera di Vicenza svelate le novit\u00e0 della 31^ Salita del Costo<\/h2><div class=\"special-heading-border\"><div class=\"special-heading-inner-border\"><\/div><\/div><\/div><\/div>\n<section  class='av_textblock_section av-lsn4i9wp-35d4d12cbeb97a56402a99719b7d964e '   itemscope=\"itemscope\" itemtype=\"https:\/\/schema.org\/BlogPosting\" itemprop=\"blogPost\" ><div class='avia_textblock'  itemprop=\"text\" ><p><strong>Nel corso della mostra Rally Racing Meeting, lo staff organizzativo di ACI Vicenza e gli amministratori delle localit\u00e0 interessate dalla gara, hanno illustrato le novit\u00e0 della cronoscalata vicentina. Si correr\u00e0 domenica 14 aprile<\/strong><\/p>\n<\/div><\/section>\n\n<style type=\"text\/css\" data-created_by=\"avia_inline_auto\" id=\"style-css-av-lsn4oai7-5e6104eaf2deaca76af196cb48f7adba\">\n#top .hr.hr-invisible.av-lsn4oai7-5e6104eaf2deaca76af196cb48f7adba{\nheight:10px;\n}\n<\/style>\n<div  class='hr av-lsn4oai7-5e6104eaf2deaca76af196cb48f7adba hr-invisible  avia-builder-el-3  el_after_av_textblock  el_before_av_image '><span class='hr-inner '><span class=\"hr-inner-style\"><\/span><\/span><\/div>\n\n<style type=\"text\/css\" data-created_by=\"avia_inline_auto\" id=\"style-css-av-lsn3knui-0bc660a934bd8655d2b3e71c73a37074\">\n.avia-image-container.av-lsn3knui-0bc660a934bd8655d2b3e71c73a37074 img.avia_image{\nbox-shadow:none;\n}\n.avia-image-container.av-lsn3knui-0bc660a934bd8655d2b3e71c73a37074 .av-image-caption-overlay-center{\ncolor:#ffffff;\n}\n<\/style>\n<div  class='avia-image-container av-lsn3knui-0bc660a934bd8655d2b3e71c73a37074 av-styling- avia-align-center  avia-builder-el-4  el_after_av_hr  el_before_av_hr '   itemprop=\"image\" itemscope=\"itemscope\" itemtype=\"https:\/\/schema.org\/ImageObject\" ><div class=\"avia-image-container-inner\"><div class=\"avia-image-overlay-wrap\"><img decoding=\"async\" fetchpriority=\"high\" class='wp-image-871 avia-img-lazy-loading-not-871 avia_image ' src=\"https:\/\/salitadelcosto.it\/wp-content\/uploads\/2024\/02\/salitadelcosto-anteprima.jpg\" alt='' title='salitadelcosto-anteprima'  height=\"684\" width=\"1024\"  itemprop=\"thumbnailUrl\" srcset=\"https:\/\/salitadelcosto.it\/wp-content\/uploads\/2024\/02\/salitadelcosto-anteprima.jpg 1024w, https:\/\/salitadelcosto.it\/wp-content\/uploads\/2024\/02\/salitadelcosto-anteprima-300x200.jpg 300w, https:\/\/salitadelcosto.it\/wp-content\/uploads\/2024\/02\/salitadelcosto-anteprima-768x513.jpg 768w, https:\/\/salitadelcosto.it\/wp-content\/uploads\/2024\/02\/salitadelcosto-anteprima-705x471.jpg 705w\" sizes=\"(max-width: 1024px) 100vw, 1024px\" \/><\/div><\/div><\/div>\n\n<style type=\"text\/css\" data-created_by=\"avia_inline_auto\" id=\"style-css-av-11moh-e2190d37dc312efbe3a6ba8cf8130a13\">\n#top .hr.av-11moh-e2190d37dc312efbe3a6ba8cf8130a13{\nmargin-top:30px;\nmargin-bottom:30px;\n}\n.hr.av-11moh-e2190d37dc312efbe3a6ba8cf8130a13 .hr-inner{\nwidth:30;\n}\n<\/style>\n<div  class='hr av-11moh-e2190d37dc312efbe3a6ba8cf8130a13 hr-custom  avia-builder-el-5  el_after_av_image  el_before_av_textblock  hr-center hr-icon-no'><span class='hr-inner inner-border-av-border-thin'><span class=\"hr-inner-style\"><\/span><\/span><\/div>\n<section  class='av_textblock_section av-lsn30vfu-09fc1d87ea89f8c7c3d2cdd44b9c5e73 '   itemscope=\"itemscope\" itemtype=\"https:\/\/schema.org\/BlogPosting\" itemprop=\"blogPost\" ><div class='avia_textblock'  itemprop=\"text\" ><h3 class=\"p1\"><\/h3>\n<p style=\"font-weight: 400;\"><strong><em>Cogollo del Cengio (VI), 15 febbraio 2024 <\/em><\/strong>\u2013Palcoscenico pi\u00f9 adatto di quello dell\u2019Automobile Club Vicenza nello stand allestito in occasione di Rally Racing Meeting, non poteva esserci per divulgare le prime anticipazioni della 31^ edizione della Salita del Costo, la cronoscalata che da quest\u2019anno sar\u00e0 organizzata dall\u2019Ente berico presieduto da Luigi Battistolli.<\/p>\n<p style=\"font-weight: 400;\">Oltre al Presidente, sul palco erano presenti Alberto Nardari, responsabile della sicurezza, Sara Vedana, segretaria di manifestazione, i quali hanno illustrato ai presenti le proprie mansioni nella macchina organizzativa della gara che si svolger\u00e0 da venerd\u00ec 12 a domenica 14 aprile interessando i comuni di Cogollo del Cengio, Caltrano e Roana. Battistolli ha inoltre enfatizzato le peculiarit\u00e0 del percorso che da localit\u00e0 Bramonte sale per 9,910 chilometri lungo la strada provinciale 349, offrendo un tracciato molto apprezzato dai piloti di tutta Italia e anche da quelli oltre confine presenti nelle scorse edizioni.<\/p>\n<p style=\"font-weight: 400;\">A sottolineare l\u2019interesse e la fattiva collaborazione delle locali amministrazioni, erano presenti la Sindaca di Roana, Elisabetta Magnabosco assieme all\u2019Assessore allo sport Cesare Azzolini, i quali con entusiasmo hanno sposato in pieno il coinvolgimento del proprio comune dove, oltre all\u2019arrivo della gara, si terranno anche le premiazioni. Punti ribaditi dal Sindaco di Cogollo del Cengio Piergildo Capovilla che sin dal 2016 \u00ad\u2013 anno del ritorno in auge della cronoscalata \u2013 ha dato la sua disponibilit\u00e0, come anche il limitrofo comune di Caltrano, rappresentato dalla Consigliera Anna Campese, che mette a disposizione gli spazi per i paddock.<\/p>\n<p style=\"font-weight: 400;\">\u00c8 stata, infine, ufficializzata la messa online del nuovo sito web interamente dedicato alla gara nel quale piloti e spettatori troveranno, a breve, tutte le informazioni necessarie.<\/p>\n<p style=\"font-weight: 400;\">Il programma di massima prevede per venerd\u00ec 12 aprile le verifiche sportive presso il motorhome localizzato in Via del Commercio nella zona industriale di Caltrano, dalle 10 alle 12.30 e dalle 13.30 alle 18. L\u2019indomani a partire dalle 9 si svolgeranno le due manches di ricognizione del percorso e alla domenica, sempre dalle 9, la partenza della prima vettura e, una volta ufficializzate le classifiche, presso il Palaciclamino\u00a0nel Piazzale della Vecchia Stazione di Cesuna si terranno le premiazioni,<\/p>\n<p style=\"font-weight: 400;\">La gara avr\u00e0 validit\u00e0 per il Campionato Italiano Velocit\u00e0 Montagna e ammetter\u00e0 anche le vetture storiche. Sar\u00e0 inoltre prevista una parata non competitiva con modalit\u00e0 che saranno confermate prossimamente.<\/p>\n<p style=\"font-weight: 400;\"><em>Informazioni al sito web <a href=\"https:\/\/serversmtptrack.com\/tracking\/qaR9ZGt2BGZkZQt5AGLjBQZ3ZmV0BPM5qzS4qaR9ZQbkIj\">www.salitadelcosto.it<\/a><\/em><\/p>\n<p style=\"font-weight: 400;\">Ufficio Stampa Salita del Costo<\/p>\n<p style=\"font-weight: 400;\">Andrea Zanovello &#8211; <a href=\"https:\/\/serversmtptrack.com\/tracking\/qaR9ZGt2BGZkZQt5AGLjBQZ3ZmV0BPM5qzS4qaR9ZQbjJN\">www.azetamedia.com<\/a><\/p>\n<\/div><\/section>\n","protected":false},"excerpt":{"rendered":"<p>Nel corso della mostra Rally Racing Meeting, lo staff organizzativo di ACI Vicenza e gli amministratori delle localit\u00e0 interessate dalla gara, hanno illustrato le novit\u00e0 della cronoscalata vicentina. Si correr\u00e0 domenica 14 aprile<\/p>\n","protected":false},"author":1,"featured_media":871,"comment_status":"closed","ping_status":"closed","sticky":false,"template":"","format":"standard","meta":{"footnotes":""},"categories":[2],"tags":[14,15,11,13,12],"class_list":["post-65","post","type-post","status-publish","format-standard","has-post-thumbnail","hentry","category-ultime-notizie","tag-asiago","tag-gara-rally","tag-rally","tag-salita-del-costo","tag-vicenza"],"yoast_head":"<!-- This site is optimized with the Yoast SEO plugin v26.9 - https:\/\/yoast.com\/product\/yoast-seo-wordpress\/ -->\n<title>Alla Fiera di Vicenza svelate le novit\u00e0 della 31^ Salita del Costo - Salita del Costo<\/title>\n<meta name=\"robots\" content=\"index, follow, max-snippet:-1, max-image-preview:large, max-video-preview:-1\" \/>\n<link rel=\"canonical\" href=\"https:\/\/salitadelcosto.it\/index.php\/2024\/02\/14\/alla-fiera-di-vicenza-svelate-le-novita-della-31-salita-del-costo\/\" \/>\n<meta property=\"og:locale\" content=\"it_IT\" \/>\n<meta property=\"og:type\" content=\"article\" \/>\n<meta property=\"og:title\" content=\"Alla Fiera di Vicenza svelate le novit\u00e0 della 31^ Salita del Costo - Salita del Costo\" \/>\n<meta property=\"og:description\" content=\"Nel corso della mostra Rally Racing Meeting, lo staff organizzativo di ACI Vicenza e gli amministratori delle localit\u00e0 interessate dalla gara, hanno illustrato le novit\u00e0 della cronoscalata vicentina. Si correr\u00e0 domenica 14 aprile\" \/>\n<meta property=\"og:url\" content=\"https:\/\/salitadelcosto.it\/index.php\/2024\/02\/14\/alla-fiera-di-vicenza-svelate-le-novita-della-31-salita-del-costo\/\" \/>\n<meta property=\"og:site_name\" content=\"Salita del Costo\" \/>\n<meta property=\"article:published_time\" content=\"2024-02-14T11:00:26+00:00\" \/>\n<meta property=\"article:modified_time\" content=\"2024-02-15T11:41:34+00:00\" \/>\n<meta property=\"og:image\" content=\"https:\/\/salitadelcosto.it\/wp-content\/uploads\/2024\/02\/salitadelcosto-anteprima.jpg\" \/>\n\t<meta property=\"og:image:width\" content=\"1024\" \/>\n\t<meta property=\"og:image:height\" content=\"684\" \/>\n\t<meta property=\"og:image:type\" content=\"image\/jpeg\" \/>\n<meta name=\"author\" content=\"admin\" \/>\n<meta name=\"twitter:card\" content=\"summary_large_image\" \/>\n<meta name=\"twitter:label1\" content=\"Scritto da\" \/>\n\t<meta name=\"twitter:data1\" content=\"admin\" \/>\n\t<meta name=\"twitter:label2\" content=\"Tempo di lettura stimato\" \/>\n\t<meta name=\"twitter:data2\" content=\"3 minuti\" \/>\n<script type=\"application\/ld+json\" class=\"yoast-schema-graph\">{\"@context\":\"https:\/\/schema.org\",\"@graph\":[{\"@type\":\"Article\",\"@id\":\"https:\/\/salitadelcosto.it\/index.php\/2024\/02\/14\/alla-fiera-di-vicenza-svelate-le-novita-della-31-salita-del-costo\/#article\",\"isPartOf\":{\"@id\":\"https:\/\/salitadelcosto.it\/index.php\/2024\/02\/14\/alla-fiera-di-vicenza-svelate-le-novita-della-31-salita-del-costo\/\"},\"author\":{\"name\":\"admin\",\"@id\":\"https:\/\/salitadelcosto.it\/#\/schema\/person\/dc9e9a3d7d07dc37e25b09a43a312af0\"},\"headline\":\"Alla Fiera di Vicenza svelate le novit\u00e0 della 31^ Salita del Costo\",\"datePublished\":\"2024-02-14T11:00:26+00:00\",\"dateModified\":\"2024-02-15T11:41:34+00:00\",\"mainEntityOfPage\":{\"@id\":\"https:\/\/salitadelcosto.it\/index.php\/2024\/02\/14\/alla-fiera-di-vicenza-svelate-le-novita-della-31-salita-del-costo\/\"},\"wordCount\":1416,\"image\":{\"@id\":\"https:\/\/salitadelcosto.it\/index.php\/2024\/02\/14\/alla-fiera-di-vicenza-svelate-le-novita-della-31-salita-del-costo\/#primaryimage\"},\"thumbnailUrl\":\"https:\/\/salitadelcosto.it\/wp-content\/uploads\/2024\/02\/salitadelcosto-anteprima.jpg\",\"keywords\":[\"Asiago\",\"Gara rally\",\"Rally\",\"Salita del Costo\",\"Vicenza\"],\"articleSection\":[\"Ultime Notizie\"],\"inLanguage\":\"it-IT\"},{\"@type\":\"WebPage\",\"@id\":\"https:\/\/salitadelcosto.it\/index.php\/2024\/02\/14\/alla-fiera-di-vicenza-svelate-le-novita-della-31-salita-del-costo\/\",\"url\":\"https:\/\/salitadelcosto.it\/index.php\/2024\/02\/14\/alla-fiera-di-vicenza-svelate-le-novita-della-31-salita-del-costo\/\",\"name\":\"Alla Fiera di Vicenza svelate le novit\u00e0 della 31^ Salita del Costo - Salita del Costo\",\"isPartOf\":{\"@id\":\"https:\/\/salitadelcosto.it\/#website\"},\"primaryImageOfPage\":{\"@id\":\"https:\/\/salitadelcosto.it\/index.php\/2024\/02\/14\/alla-fiera-di-vicenza-svelate-le-novita-della-31-salita-del-costo\/#primaryimage\"},\"image\":{\"@id\":\"https:\/\/salitadelcosto.it\/index.php\/2024\/02\/14\/alla-fiera-di-vicenza-svelate-le-novita-della-31-salita-del-costo\/#primaryimage\"},\"thumbnailUrl\":\"https:\/\/salitadelcosto.it\/wp-content\/uploads\/2024\/02\/salitadelcosto-anteprima.jpg\",\"datePublished\":\"2024-02-14T11:00:26+00:00\",\"dateModified\":\"2024-02-15T11:41:34+00:00\",\"author\":{\"@id\":\"https:\/\/salitadelcosto.it\/#\/schema\/person\/dc9e9a3d7d07dc37e25b09a43a312af0\"},\"breadcrumb\":{\"@id\":\"https:\/\/salitadelcosto.it\/index.php\/2024\/02\/14\/alla-fiera-di-vicenza-svelate-le-novita-della-31-salita-del-costo\/#breadcrumb\"},\"inLanguage\":\"it-IT\",\"potentialAction\":[{\"@type\":\"ReadAction\",\"target\":[\"https:\/\/salitadelcosto.it\/index.php\/2024\/02\/14\/alla-fiera-di-vicenza-svelate-le-novita-della-31-salita-del-costo\/\"]}]},{\"@type\":\"ImageObject\",\"inLanguage\":\"it-IT\",\"@id\":\"https:\/\/salitadelcosto.it\/index.php\/2024\/02\/14\/alla-fiera-di-vicenza-svelate-le-novita-della-31-salita-del-costo\/#primaryimage\",\"url\":\"https:\/\/salitadelcosto.it\/wp-content\/uploads\/2024\/02\/salitadelcosto-anteprima.jpg\",\"contentUrl\":\"https:\/\/salitadelcosto.it\/wp-content\/uploads\/2024\/02\/salitadelcosto-anteprima.jpg\",\"width\":1024,\"height\":684},{\"@type\":\"BreadcrumbList\",\"@id\":\"https:\/\/salitadelcosto.it\/index.php\/2024\/02\/14\/alla-fiera-di-vicenza-svelate-le-novita-della-31-salita-del-costo\/#breadcrumb\",\"itemListElement\":[{\"@type\":\"ListItem\",\"position\":1,\"name\":\"Home\",\"item\":\"https:\/\/salitadelcosto.it\/index.php\/salita-del-costo-vicenza\/\"},{\"@type\":\"ListItem\",\"position\":2,\"name\":\"Alla Fiera di Vicenza svelate le novit\u00e0 della 31^ Salita del Costo\"}]},{\"@type\":\"WebSite\",\"@id\":\"https:\/\/salitadelcosto.it\/#website\",\"url\":\"https:\/\/salitadelcosto.it\/\",\"name\":\"Salita del Costo\",\"description\":\"\",\"potentialAction\":[{\"@type\":\"SearchAction\",\"target\":{\"@type\":\"EntryPoint\",\"urlTemplate\":\"https:\/\/salitadelcosto.it\/?s={search_term_string}\"},\"query-input\":{\"@type\":\"PropertyValueSpecification\",\"valueRequired\":true,\"valueName\":\"search_term_string\"}}],\"inLanguage\":\"it-IT\"},{\"@type\":\"Person\",\"@id\":\"https:\/\/salitadelcosto.it\/#\/schema\/person\/dc9e9a3d7d07dc37e25b09a43a312af0\",\"name\":\"admin\",\"image\":{\"@type\":\"ImageObject\",\"inLanguage\":\"it-IT\",\"@id\":\"https:\/\/salitadelcosto.it\/#\/schema\/person\/image\/\",\"url\":\"https:\/\/secure.gravatar.com\/avatar\/58a0a293236ba27d469e3390624e16cede6b9944516b5d9abacee682d12a9d8c?s=96&d=mm&r=g\",\"contentUrl\":\"https:\/\/secure.gravatar.com\/avatar\/58a0a293236ba27d469e3390624e16cede6b9944516b5d9abacee682d12a9d8c?s=96&d=mm&r=g\",\"caption\":\"admin\"},\"sameAs\":[\"https:\/\/salitadelcosto.it\"],\"url\":\"https:\/\/salitadelcosto.it\/index.php\/author\/barzano24\/\"}]}<\/script>\n<!-- \/ Yoast SEO plugin. -->","yoast_head_json":{"title":"Alla Fiera di Vicenza svelate le novit\u00e0 della 31^ Salita del Costo - Salita del Costo","robots":{"index":"index","follow":"follow","max-snippet":"max-snippet:-1","max-image-preview":"max-image-preview:large","max-video-preview":"max-video-preview:-1"},"canonical":"https:\/\/salitadelcosto.it\/index.php\/2024\/02\/14\/alla-fiera-di-vicenza-svelate-le-novita-della-31-salita-del-costo\/","og_locale":"it_IT","og_type":"article","og_title":"Alla Fiera di Vicenza svelate le novit\u00e0 della 31^ Salita del Costo - Salita del Costo","og_description":"Nel corso della mostra Rally Racing Meeting, lo staff organizzativo di ACI Vicenza e gli amministratori delle localit\u00e0 interessate dalla gara, hanno illustrato le novit\u00e0 della cronoscalata vicentina. Si correr\u00e0 domenica 14 aprile","og_url":"https:\/\/salitadelcosto.it\/index.php\/2024\/02\/14\/alla-fiera-di-vicenza-svelate-le-novita-della-31-salita-del-costo\/","og_site_name":"Salita del Costo","article_published_time":"2024-02-14T11:00:26+00:00","article_modified_time":"2024-02-15T11:41:34+00:00","og_image":[{"width":1024,"height":684,"url":"https:\/\/salitadelcosto.it\/wp-content\/uploads\/2024\/02\/salitadelcosto-anteprima.jpg","type":"image\/jpeg"}],"author":"admin","twitter_card":"summary_large_image","twitter_misc":{"Scritto da":"admin","Tempo di lettura stimato":"3 minuti"},"schema":{"@context":"https:\/\/schema.org","@graph":[{"@type":"Article","@id":"https:\/\/salitadelcosto.it\/index.php\/2024\/02\/14\/alla-fiera-di-vicenza-svelate-le-novita-della-31-salita-del-costo\/#article","isPartOf":{"@id":"https:\/\/salitadelcosto.it\/index.php\/2024\/02\/14\/alla-fiera-di-vicenza-svelate-le-novita-della-31-salita-del-costo\/"},"author":{"name":"admin","@id":"https:\/\/salitadelcosto.it\/#\/schema\/person\/dc9e9a3d7d07dc37e25b09a43a312af0"},"headline":"Alla Fiera di Vicenza svelate le novit\u00e0 della 31^ Salita del Costo","datePublished":"2024-02-14T11:00:26+00:00","dateModified":"2024-02-15T11:41:34+00:00","mainEntityOfPage":{"@id":"https:\/\/salitadelcosto.it\/index.php\/2024\/02\/14\/alla-fiera-di-vicenza-svelate-le-novita-della-31-salita-del-costo\/"},"wordCount":1416,"image":{"@id":"https:\/\/salitadelcosto.it\/index.php\/2024\/02\/14\/alla-fiera-di-vicenza-svelate-le-novita-della-31-salita-del-costo\/#primaryimage"},"thumbnailUrl":"https:\/\/salitadelcosto.it\/wp-content\/uploads\/2024\/02\/salitadelcosto-anteprima.jpg","keywords":["Asiago","Gara rally","Rally","Salita del Costo","Vicenza"],"articleSection":["Ultime Notizie"],"inLanguage":"it-IT"},{"@type":"WebPage","@id":"https:\/\/salitadelcosto.it\/index.php\/2024\/02\/14\/alla-fiera-di-vicenza-svelate-le-novita-della-31-salita-del-costo\/","url":"https:\/\/salitadelcosto.it\/index.php\/2024\/02\/14\/alla-fiera-di-vicenza-svelate-le-novita-della-31-salita-del-costo\/","name":"Alla Fiera di Vicenza svelate le novit\u00e0 della 31^ Salita del Costo - Salita del Costo","isPartOf":{"@id":"https:\/\/salitadelcosto.it\/#website"},"primaryImageOfPage":{"@id":"https:\/\/salitadelcosto.it\/index.php\/2024\/02\/14\/alla-fiera-di-vicenza-svelate-le-novita-della-31-salita-del-costo\/#primaryimage"},"image":{"@id":"https:\/\/salitadelcosto.it\/index.php\/2024\/02\/14\/alla-fiera-di-vicenza-svelate-le-novita-della-31-salita-del-costo\/#primaryimage"},"thumbnailUrl":"https:\/\/salitadelcosto.it\/wp-content\/uploads\/2024\/02\/salitadelcosto-anteprima.jpg","datePublished":"2024-02-14T11:00:26+00:00","dateModified":"2024-02-15T11:41:34+00:00","author":{"@id":"https:\/\/salitadelcosto.it\/#\/schema\/person\/dc9e9a3d7d07dc37e25b09a43a312af0"},"breadcrumb":{"@id":"https:\/\/salitadelcosto.it\/index.php\/2024\/02\/14\/alla-fiera-di-vicenza-svelate-le-novita-della-31-salita-del-costo\/#breadcrumb"},"inLanguage":"it-IT","potentialAction":[{"@type":"ReadAction","target":["https:\/\/salitadelcosto.it\/index.php\/2024\/02\/14\/alla-fiera-di-vicenza-svelate-le-novita-della-31-salita-del-costo\/"]}]},{"@type":"ImageObject","inLanguage":"it-IT","@id":"https:\/\/salitadelcosto.it\/index.php\/2024\/02\/14\/alla-fiera-di-vicenza-svelate-le-novita-della-31-salita-del-costo\/#primaryimage","url":"https:\/\/salitadelcosto.it\/wp-content\/uploads\/2024\/02\/salitadelcosto-anteprima.jpg","contentUrl":"https:\/\/salitadelcosto.it\/wp-content\/uploads\/2024\/02\/salitadelcosto-anteprima.jpg","width":1024,"height":684},{"@type":"BreadcrumbList","@id":"https:\/\/salitadelcosto.it\/index.php\/2024\/02\/14\/alla-fiera-di-vicenza-svelate-le-novita-della-31-salita-del-costo\/#breadcrumb","itemListElement":[{"@type":"ListItem","position":1,"name":"Home","item":"https:\/\/salitadelcosto.it\/index.php\/salita-del-costo-vicenza\/"},{"@type":"ListItem","position":2,"name":"Alla Fiera di Vicenza svelate le novit\u00e0 della 31^ Salita del Costo"}]},{"@type":"WebSite","@id":"https:\/\/salitadelcosto.it\/#website","url":"https:\/\/salitadelcosto.it\/","name":"Salita del Costo","description":"","potentialAction":[{"@type":"SearchAction","target":{"@type":"EntryPoint","urlTemplate":"https:\/\/salitadelcosto.it\/?s={search_term_string}"},"query-input":{"@type":"PropertyValueSpecification","valueRequired":true,"valueName":"search_term_string"}}],"inLanguage":"it-IT"},{"@type":"Person","@id":"https:\/\/salitadelcosto.it\/#\/schema\/person\/dc9e9a3d7d07dc37e25b09a43a312af0","name":"admin","image":{"@type":"ImageObject","inLanguage":"it-IT","@id":"https:\/\/salitadelcosto.it\/#\/schema\/person\/image\/","url":"https:\/\/secure.gravatar.com\/avatar\/58a0a293236ba27d469e3390624e16cede6b9944516b5d9abacee682d12a9d8c?s=96&d=mm&r=g","contentUrl":"https:\/\/secure.gravatar.com\/avatar\/58a0a293236ba27d469e3390624e16cede6b9944516b5d9abacee682d12a9d8c?s=96&d=mm&r=g","caption":"admin"},"sameAs":["https:\/\/salitadelcosto.it"],"url":"https:\/\/salitadelcosto.it\/index.php\/author\/barzano24\/"}]}},"_links":{"self":[{"href":"https:\/\/salitadelcosto.it\/index.php\/wp-json\/wp\/v2\/posts\/65","targetHints":{"allow":["GET"]}}],"collection":[{"href":"https:\/\/salitadelcosto.it\/index.php\/wp-json\/wp\/v2\/posts"}],"about":[{"href":"https:\/\/salitadelcosto.it\/index.php\/wp-json\/wp\/v2\/types\/post"}],"author":[{"embeddable":true,"href":"https:\/\/salitadelcosto.it\/index.php\/wp-json\/wp\/v2\/users\/1"}],"replies":[{"embeddable":true,"href":"https:\/\/salitadelcosto.it\/index.php\/wp-json\/wp\/v2\/comments?post=65"}],"version-history":[{"count":29,"href":"https:\/\/salitadelcosto.it\/index.php\/wp-json\/wp\/v2\/posts\/65\/revisions"}],"predecessor-version":[{"id":2843,"href":"https:\/\/salitadelcosto.it\/index.php\/wp-json\/wp\/v2\/posts\/65\/revisions\/2843"}],"wp:featuredmedia":[{"embeddable":true,"href":"https:\/\/salitadelcosto.it\/index.php\/wp-json\/wp\/v2\/media\/871"}],"wp:attachment":[{"href":"https:\/\/salitadelcosto.it\/index.php\/wp-json\/wp\/v2\/media?parent=65"}],"wp:term":[{"taxonomy":"category","embeddable":true,"href":"https:\/\/salitadelcosto.it\/index.php\/wp-json\/wp\/v2\/categories?post=65"},{"taxonomy":"post_tag","embeddable":true,"href":"https:\/\/salitadelcosto.it\/index.php\/wp-json\/wp\/v2\/tags?post=65"}],"curies":[{"name":"wp","href":"https:\/\/api.w.org\/{rel}","templated":true}]}}