{"id":3040,"date":"2026-03-04T18:26:49","date_gmt":"2026-03-04T18:26:49","guid":{"rendered":"https:\/\/salitadelcosto.it\/?p=3040"},"modified":"2026-03-04T18:26:49","modified_gmt":"2026-03-04T18:26:49","slug":"dal-10-al-12-aprile-la-33-salita-del-costo","status":"publish","type":"post","link":"https:\/\/salitadelcosto.it\/index.php\/2026\/03\/04\/dal-10-al-12-aprile-la-33-salita-del-costo\/","title":{"rendered":"Dal 10 al 12 aprile la 33^ Salita del Costo"},"content":{"rendered":"<p><em>Anche quest\u2019anno la cronoscalata organizzata da ACI Vicenza sar\u00e0 la prima della stagione in Italia e sono attesi i protagonisti del CIVM Nord e dell\u2019IRS CUP.<\/em><\/p>\n<p>Cogollo del Cengio (VI), 4 marzo 2026 \u2013 Manca poco pi\u00f9 di un mese alla 33^ edizione della Salita del Costo e la macchina organizzativa dell\u2019evento \u00e8 gi\u00e0 in moto da giorni, sotto l\u2019attenta regia dell\u2019Automobile Club Vicenza che della gara \u00e8 l\u2019organizzatore.<br \/>\nRicalcando il programma della scorsa edizione la Salita del Costo anche nel 2026 sar\u00e0 la prima cronoscalata a disputarsi sul territorio nazionale, forte anche delle confermate validit\u00e0 per Campionato Italiano Velocit\u00e0 Montagna girone Nord e per la IRS CUP, il trofeo interregionale che proprio lo scorso anno mosse i primi passi nella gara di Cogollo del Cengio.<br \/>\nLa gara si correr\u00e0 domenica 12 aprile in un\u2019unica manche, snodandosi sul percorso della strada provinciale 349 con inizio dal bivio Bramonte e il traguardo posizionato 9.910 metri dopo. Due saranno invece le manche di ricognizione distribuite nella giornata del sabato.<br \/>\nIl tutto avr\u00e0 inizio con le operazioni delle verifiche: le sportive da svolgersi in via San Lorenzo, 3 a Caltrano e le tecniche nell\u2019area industriale della medesima localit\u00e0. Le prime si svolgeranno dalle 10 alle 17 seguite, come da regolamento, mezzora pi\u00f9 tardi dalle seconde.<br \/>\nA concludere la manifestazione sar\u00e0 la cerimonia delle premiazioni di nuovo ospitata al Palaciclamino situato nel Piazzale Vecchia Stazione a Cesuna di Roana. La segreteria di gara avr\u00e0 sede nella frazione Mosson di Cogollo del Cengio, in via Centro, 26 dove nella sola giornata di venerd\u00ec 10 aprile sar\u00e0 localizzata anche la sala stampa; quest\u2019ultima, il sabato e la domenica, sar\u00e0 localizzata nel motorhome posizionato alla partenza della gara in localit\u00e0 Bramonte all\u2019inizio della SP 349 \u201cdel Costo\u201d. Sar\u00e0 aperta dalle 8 sino al termine di prove, il sabato, e della gara alla domenica.<\/p>\n<p>&nbsp;<\/p>\n","protected":false},"excerpt":{"rendered":"<p>Anche quest\u2019anno la cronoscalata organizzata da ACI Vicenza sar\u00e0 la prima della stagione in Italia e sono attesi i protagonisti del CIVM Nord e dell\u2019IRS CUP. Cogollo del Cengio (VI), 4 marzo 2026 \u2013 Manca poco pi\u00f9 di un mese alla 33^ edizione della Salita del Costo e la macchina organizzativa dell\u2019evento \u00e8 gi\u00e0 in [&hellip;]<\/p>\n","protected":false},"author":3,"featured_media":3041,"comment_status":"closed","ping_status":"open","sticky":false,"template":"","format":"standard","meta":{"footnotes":""},"categories":[2],"tags":[20,18,22,28,27,21,26,23,13,25,24],"class_list":["post-3040","post","type-post","status-publish","format-standard","has-post-thumbnail","hentry","category-ultime-notizie","tag-acisport","tag-acivicenza","tag-caltrano","tag-campionatoitalianovelocitamontagna","tag-civm","tag-cogollodelcengio","tag-palaciclamino","tag-roana","tag-salita-del-costo","tag-salitadelcosto","tag-velocitainsalita"],"yoast_head":"<!-- This site is optimized with the Yoast SEO plugin v26.9 - https:\/\/yoast.com\/product\/yoast-seo-wordpress\/ -->\n<title>Dal 10 al 12 aprile la 33^ Salita del Costo - Salita del Costo<\/title>\n<meta name=\"robots\" content=\"index, follow, max-snippet:-1, max-image-preview:large, max-video-preview:-1\" \/>\n<link rel=\"canonical\" href=\"https:\/\/salitadelcosto.it\/index.php\/2026\/03\/04\/dal-10-al-12-aprile-la-33-salita-del-costo\/\" \/>\n<meta property=\"og:locale\" content=\"it_IT\" \/>\n<meta property=\"og:type\" content=\"article\" \/>\n<meta property=\"og:title\" content=\"Dal 10 al 12 aprile la 33^ Salita del Costo - Salita del Costo\" \/>\n<meta property=\"og:description\" content=\"Anche quest\u2019anno la cronoscalata organizzata da ACI Vicenza sar\u00e0 la prima della stagione in Italia e sono attesi i protagonisti del CIVM Nord e dell\u2019IRS CUP. Cogollo del Cengio (VI), 4 marzo 2026 \u2013 Manca poco pi\u00f9 di un mese alla 33^ edizione della Salita del Costo e la macchina organizzativa dell\u2019evento \u00e8 gi\u00e0 in [&hellip;]\" \/>\n<meta property=\"og:url\" content=\"https:\/\/salitadelcosto.it\/index.php\/2026\/03\/04\/dal-10-al-12-aprile-la-33-salita-del-costo\/\" \/>\n<meta property=\"og:site_name\" content=\"Salita del Costo\" \/>\n<meta property=\"article:published_time\" content=\"2026-03-04T18:26:49+00:00\" \/>\n<meta property=\"og:image\" content=\"https:\/\/salitadelcosto.it\/wp-content\/uploads\/2026\/03\/logo-costo-2026.jpg\" \/>\n\t<meta property=\"og:image:width\" content=\"1000\" \/>\n\t<meta property=\"og:image:height\" content=\"800\" \/>\n\t<meta property=\"og:image:type\" content=\"image\/jpeg\" \/>\n<meta name=\"author\" content=\"Azetamedia\" \/>\n<meta name=\"twitter:card\" content=\"summary_large_image\" \/>\n<meta name=\"twitter:label1\" content=\"Scritto da\" \/>\n\t<meta name=\"twitter:data1\" content=\"Azetamedia\" \/>\n\t<meta name=\"twitter:label2\" content=\"Tempo di lettura stimato\" \/>\n\t<meta name=\"twitter:data2\" content=\"2 minuti\" \/>\n<script type=\"application\/ld+json\" class=\"yoast-schema-graph\">{\"@context\":\"https:\/\/schema.org\",\"@graph\":[{\"@type\":\"Article\",\"@id\":\"https:\/\/salitadelcosto.it\/index.php\/2026\/03\/04\/dal-10-al-12-aprile-la-33-salita-del-costo\/#article\",\"isPartOf\":{\"@id\":\"https:\/\/salitadelcosto.it\/index.php\/2026\/03\/04\/dal-10-al-12-aprile-la-33-salita-del-costo\/\"},\"author\":{\"name\":\"Azetamedia\",\"@id\":\"https:\/\/salitadelcosto.it\/#\/schema\/person\/f4d1aa9c92f36c17694815172df6171e\"},\"headline\":\"Dal 10 al 12 aprile la 33^ Salita del Costo\",\"datePublished\":\"2026-03-04T18:26:49+00:00\",\"mainEntityOfPage\":{\"@id\":\"https:\/\/salitadelcosto.it\/index.php\/2026\/03\/04\/dal-10-al-12-aprile-la-33-salita-del-costo\/\"},\"wordCount\":307,\"image\":{\"@id\":\"https:\/\/salitadelcosto.it\/index.php\/2026\/03\/04\/dal-10-al-12-aprile-la-33-salita-del-costo\/#primaryimage\"},\"thumbnailUrl\":\"https:\/\/salitadelcosto.it\/wp-content\/uploads\/2026\/03\/logo-costo-2026.jpg\",\"keywords\":[\"acisport\",\"acivicenza\",\"caltrano\",\"campionatoitalianovelocit\u00e0montagna\",\"civm\",\"cogollodelcengio\",\"palaciclamino\",\"roana\",\"Salita del Costo\",\"salitadelcosto\",\"velocit\u00e0insalita\"],\"articleSection\":[\"Ultime Notizie\"],\"inLanguage\":\"it-IT\"},{\"@type\":\"WebPage\",\"@id\":\"https:\/\/salitadelcosto.it\/index.php\/2026\/03\/04\/dal-10-al-12-aprile-la-33-salita-del-costo\/\",\"url\":\"https:\/\/salitadelcosto.it\/index.php\/2026\/03\/04\/dal-10-al-12-aprile-la-33-salita-del-costo\/\",\"name\":\"Dal 10 al 12 aprile la 33^ Salita del Costo - Salita del Costo\",\"isPartOf\":{\"@id\":\"https:\/\/salitadelcosto.it\/#website\"},\"primaryImageOfPage\":{\"@id\":\"https:\/\/salitadelcosto.it\/index.php\/2026\/03\/04\/dal-10-al-12-aprile-la-33-salita-del-costo\/#primaryimage\"},\"image\":{\"@id\":\"https:\/\/salitadelcosto.it\/index.php\/2026\/03\/04\/dal-10-al-12-aprile-la-33-salita-del-costo\/#primaryimage\"},\"thumbnailUrl\":\"https:\/\/salitadelcosto.it\/wp-content\/uploads\/2026\/03\/logo-costo-2026.jpg\",\"datePublished\":\"2026-03-04T18:26:49+00:00\",\"author\":{\"@id\":\"https:\/\/salitadelcosto.it\/#\/schema\/person\/f4d1aa9c92f36c17694815172df6171e\"},\"breadcrumb\":{\"@id\":\"https:\/\/salitadelcosto.it\/index.php\/2026\/03\/04\/dal-10-al-12-aprile-la-33-salita-del-costo\/#breadcrumb\"},\"inLanguage\":\"it-IT\",\"potentialAction\":[{\"@type\":\"ReadAction\",\"target\":[\"https:\/\/salitadelcosto.it\/index.php\/2026\/03\/04\/dal-10-al-12-aprile-la-33-salita-del-costo\/\"]}]},{\"@type\":\"ImageObject\",\"inLanguage\":\"it-IT\",\"@id\":\"https:\/\/salitadelcosto.it\/index.php\/2026\/03\/04\/dal-10-al-12-aprile-la-33-salita-del-costo\/#primaryimage\",\"url\":\"https:\/\/salitadelcosto.it\/wp-content\/uploads\/2026\/03\/logo-costo-2026.jpg\",\"contentUrl\":\"https:\/\/salitadelcosto.it\/wp-content\/uploads\/2026\/03\/logo-costo-2026.jpg\",\"width\":1000,\"height\":800},{\"@type\":\"BreadcrumbList\",\"@id\":\"https:\/\/salitadelcosto.it\/index.php\/2026\/03\/04\/dal-10-al-12-aprile-la-33-salita-del-costo\/#breadcrumb\",\"itemListElement\":[{\"@type\":\"ListItem\",\"position\":1,\"name\":\"Home\",\"item\":\"https:\/\/salitadelcosto.it\/index.php\/salita-del-costo-vicenza\/\"},{\"@type\":\"ListItem\",\"position\":2,\"name\":\"Dal 10 al 12 aprile la 33^ Salita del Costo\"}]},{\"@type\":\"WebSite\",\"@id\":\"https:\/\/salitadelcosto.it\/#website\",\"url\":\"https:\/\/salitadelcosto.it\/\",\"name\":\"Salita del Costo\",\"description\":\"\",\"potentialAction\":[{\"@type\":\"SearchAction\",\"target\":{\"@type\":\"EntryPoint\",\"urlTemplate\":\"https:\/\/salitadelcosto.it\/?s={search_term_string}\"},\"query-input\":{\"@type\":\"PropertyValueSpecification\",\"valueRequired\":true,\"valueName\":\"search_term_string\"}}],\"inLanguage\":\"it-IT\"},{\"@type\":\"Person\",\"@id\":\"https:\/\/salitadelcosto.it\/#\/schema\/person\/f4d1aa9c92f36c17694815172df6171e\",\"name\":\"Azetamedia\",\"image\":{\"@type\":\"ImageObject\",\"inLanguage\":\"it-IT\",\"@id\":\"https:\/\/salitadelcosto.it\/#\/schema\/person\/image\/\",\"url\":\"https:\/\/secure.gravatar.com\/avatar\/69724f8828bb1448f0193fba285defeec4e4fe9b923bc31f03d77f26922756c2?s=96&d=mm&r=g\",\"contentUrl\":\"https:\/\/secure.gravatar.com\/avatar\/69724f8828bb1448f0193fba285defeec4e4fe9b923bc31f03d77f26922756c2?s=96&d=mm&r=g\",\"caption\":\"Azetamedia\"},\"url\":\"https:\/\/salitadelcosto.it\/index.php\/author\/andreazanovello\/\"}]}<\/script>\n<!-- \/ Yoast SEO plugin. -->","yoast_head_json":{"title":"Dal 10 al 12 aprile la 33^ Salita del Costo - Salita del Costo","robots":{"index":"index","follow":"follow","max-snippet":"max-snippet:-1","max-image-preview":"max-image-preview:large","max-video-preview":"max-video-preview:-1"},"canonical":"https:\/\/salitadelcosto.it\/index.php\/2026\/03\/04\/dal-10-al-12-aprile-la-33-salita-del-costo\/","og_locale":"it_IT","og_type":"article","og_title":"Dal 10 al 12 aprile la 33^ Salita del Costo - Salita del Costo","og_description":"Anche quest\u2019anno la cronoscalata organizzata da ACI Vicenza sar\u00e0 la prima della stagione in Italia e sono attesi i protagonisti del CIVM Nord e dell\u2019IRS CUP. Cogollo del Cengio (VI), 4 marzo 2026 \u2013 Manca poco pi\u00f9 di un mese alla 33^ edizione della Salita del Costo e la macchina organizzativa dell\u2019evento \u00e8 gi\u00e0 in [&hellip;]","og_url":"https:\/\/salitadelcosto.it\/index.php\/2026\/03\/04\/dal-10-al-12-aprile-la-33-salita-del-costo\/","og_site_name":"Salita del Costo","article_published_time":"2026-03-04T18:26:49+00:00","og_image":[{"width":1000,"height":800,"url":"https:\/\/salitadelcosto.it\/wp-content\/uploads\/2026\/03\/logo-costo-2026.jpg","type":"image\/jpeg"}],"author":"Azetamedia","twitter_card":"summary_large_image","twitter_misc":{"Scritto da":"Azetamedia","Tempo di lettura stimato":"2 minuti"},"schema":{"@context":"https:\/\/schema.org","@graph":[{"@type":"Article","@id":"https:\/\/salitadelcosto.it\/index.php\/2026\/03\/04\/dal-10-al-12-aprile-la-33-salita-del-costo\/#article","isPartOf":{"@id":"https:\/\/salitadelcosto.it\/index.php\/2026\/03\/04\/dal-10-al-12-aprile-la-33-salita-del-costo\/"},"author":{"name":"Azetamedia","@id":"https:\/\/salitadelcosto.it\/#\/schema\/person\/f4d1aa9c92f36c17694815172df6171e"},"headline":"Dal 10 al 12 aprile la 33^ Salita del Costo","datePublished":"2026-03-04T18:26:49+00:00","mainEntityOfPage":{"@id":"https:\/\/salitadelcosto.it\/index.php\/2026\/03\/04\/dal-10-al-12-aprile-la-33-salita-del-costo\/"},"wordCount":307,"image":{"@id":"https:\/\/salitadelcosto.it\/index.php\/2026\/03\/04\/dal-10-al-12-aprile-la-33-salita-del-costo\/#primaryimage"},"thumbnailUrl":"https:\/\/salitadelcosto.it\/wp-content\/uploads\/2026\/03\/logo-costo-2026.jpg","keywords":["acisport","acivicenza","caltrano","campionatoitalianovelocit\u00e0montagna","civm","cogollodelcengio","palaciclamino","roana","Salita del Costo","salitadelcosto","velocit\u00e0insalita"],"articleSection":["Ultime Notizie"],"inLanguage":"it-IT"},{"@type":"WebPage","@id":"https:\/\/salitadelcosto.it\/index.php\/2026\/03\/04\/dal-10-al-12-aprile-la-33-salita-del-costo\/","url":"https:\/\/salitadelcosto.it\/index.php\/2026\/03\/04\/dal-10-al-12-aprile-la-33-salita-del-costo\/","name":"Dal 10 al 12 aprile la 33^ Salita del Costo - Salita del Costo","isPartOf":{"@id":"https:\/\/salitadelcosto.it\/#website"},"primaryImageOfPage":{"@id":"https:\/\/salitadelcosto.it\/index.php\/2026\/03\/04\/dal-10-al-12-aprile-la-33-salita-del-costo\/#primaryimage"},"image":{"@id":"https:\/\/salitadelcosto.it\/index.php\/2026\/03\/04\/dal-10-al-12-aprile-la-33-salita-del-costo\/#primaryimage"},"thumbnailUrl":"https:\/\/salitadelcosto.it\/wp-content\/uploads\/2026\/03\/logo-costo-2026.jpg","datePublished":"2026-03-04T18:26:49+00:00","author":{"@id":"https:\/\/salitadelcosto.it\/#\/schema\/person\/f4d1aa9c92f36c17694815172df6171e"},"breadcrumb":{"@id":"https:\/\/salitadelcosto.it\/index.php\/2026\/03\/04\/dal-10-al-12-aprile-la-33-salita-del-costo\/#breadcrumb"},"inLanguage":"it-IT","potentialAction":[{"@type":"ReadAction","target":["https:\/\/salitadelcosto.it\/index.php\/2026\/03\/04\/dal-10-al-12-aprile-la-33-salita-del-costo\/"]}]},{"@type":"ImageObject","inLanguage":"it-IT","@id":"https:\/\/salitadelcosto.it\/index.php\/2026\/03\/04\/dal-10-al-12-aprile-la-33-salita-del-costo\/#primaryimage","url":"https:\/\/salitadelcosto.it\/wp-content\/uploads\/2026\/03\/logo-costo-2026.jpg","contentUrl":"https:\/\/salitadelcosto.it\/wp-content\/uploads\/2026\/03\/logo-costo-2026.jpg","width":1000,"height":800},{"@type":"BreadcrumbList","@id":"https:\/\/salitadelcosto.it\/index.php\/2026\/03\/04\/dal-10-al-12-aprile-la-33-salita-del-costo\/#breadcrumb","itemListElement":[{"@type":"ListItem","position":1,"name":"Home","item":"https:\/\/salitadelcosto.it\/index.php\/salita-del-costo-vicenza\/"},{"@type":"ListItem","position":2,"name":"Dal 10 al 12 aprile la 33^ Salita del Costo"}]},{"@type":"WebSite","@id":"https:\/\/salitadelcosto.it\/#website","url":"https:\/\/salitadelcosto.it\/","name":"Salita del Costo","description":"","potentialAction":[{"@type":"SearchAction","target":{"@type":"EntryPoint","urlTemplate":"https:\/\/salitadelcosto.it\/?s={search_term_string}"},"query-input":{"@type":"PropertyValueSpecification","valueRequired":true,"valueName":"search_term_string"}}],"inLanguage":"it-IT"},{"@type":"Person","@id":"https:\/\/salitadelcosto.it\/#\/schema\/person\/f4d1aa9c92f36c17694815172df6171e","name":"Azetamedia","image":{"@type":"ImageObject","inLanguage":"it-IT","@id":"https:\/\/salitadelcosto.it\/#\/schema\/person\/image\/","url":"https:\/\/secure.gravatar.com\/avatar\/69724f8828bb1448f0193fba285defeec4e4fe9b923bc31f03d77f26922756c2?s=96&d=mm&r=g","contentUrl":"https:\/\/secure.gravatar.com\/avatar\/69724f8828bb1448f0193fba285defeec4e4fe9b923bc31f03d77f26922756c2?s=96&d=mm&r=g","caption":"Azetamedia"},"url":"https:\/\/salitadelcosto.it\/index.php\/author\/andreazanovello\/"}]}},"_links":{"self":[{"href":"https:\/\/salitadelcosto.it\/index.php\/wp-json\/wp\/v2\/posts\/3040","targetHints":{"allow":["GET"]}}],"collection":[{"href":"https:\/\/salitadelcosto.it\/index.php\/wp-json\/wp\/v2\/posts"}],"about":[{"href":"https:\/\/salitadelcosto.it\/index.php\/wp-json\/wp\/v2\/types\/post"}],"author":[{"embeddable":true,"href":"https:\/\/salitadelcosto.it\/index.php\/wp-json\/wp\/v2\/users\/3"}],"replies":[{"embeddable":true,"href":"https:\/\/salitadelcosto.it\/index.php\/wp-json\/wp\/v2\/comments?post=3040"}],"version-history":[{"count":2,"href":"https:\/\/salitadelcosto.it\/index.php\/wp-json\/wp\/v2\/posts\/3040\/revisions"}],"predecessor-version":[{"id":3043,"href":"https:\/\/salitadelcosto.it\/index.php\/wp-json\/wp\/v2\/posts\/3040\/revisions\/3043"}],"wp:featuredmedia":[{"embeddable":true,"href":"https:\/\/salitadelcosto.it\/index.php\/wp-json\/wp\/v2\/media\/3041"}],"wp:attachment":[{"href":"https:\/\/salitadelcosto.it\/index.php\/wp-json\/wp\/v2\/media?parent=3040"}],"wp:term":[{"taxonomy":"category","embeddable":true,"href":"https:\/\/salitadelcosto.it\/index.php\/wp-json\/wp\/v2\/categories?post=3040"},{"taxonomy":"post_tag","embeddable":true,"href":"https:\/\/salitadelcosto.it\/index.php\/wp-json\/wp\/v2\/tags?post=3040"}],"curies":[{"name":"wp","href":"https:\/\/api.w.org\/{rel}","templated":true}]}}