{"id":2949,"date":"2025-04-03T06:50:19","date_gmt":"2025-04-03T06:50:19","guid":{"rendered":"https:\/\/salitadelcosto.it\/?p=2949"},"modified":"2025-04-03T06:50:19","modified_gmt":"2025-04-03T06:50:19","slug":"boom-discritti-alla-32-salita-del-costo","status":"publish","type":"post","link":"https:\/\/salitadelcosto.it\/index.php\/2025\/04\/03\/boom-discritti-alla-32-salita-del-costo\/","title":{"rendered":"Boom d\u2019iscritti alla 32^ Salita del Costo"},"content":{"rendered":"<p><em>L\u2019edizione 2025 che dar\u00e0 il via alla stagione delle cronoscalate tocca una cifra mai raggiunta prima con 194 iscritti, 37 dei quali con le auto storiche. Soddisfazione per ACI Vicenza ed i comuni interessati dalla gara. Oltre al CIVM scatta anche la nuova IRSCUP e c\u2019\u00e8 attesa per la sfida calcistica di venerd\u00ec sera tra velocisti e rallysti<\/em><br \/>\nCogollo del Cengio (VI), 3 aprile 2025 \u2013 Una cinquantina di pi\u00f9 dello scorso anno gli iscritti alla 32^ Salita del Costo in programma da venerd\u00ec 4 a domenica 6 aprile coinvolgendo i comuni di Cogollo del Cengio, Caltrano e Roana. Centonovantaquattro iscritti che hanno risposto con entusiasmo alla manifestazione organizzata da ACI Vicenza, ai quali se ne sommano un\u2019altra cinquantina nella parata non competitiva del sabato e una trentina in quella della domenica, riservata a club Ferrari e Porsche.<br \/>\nUn numero davvero importante per la prima cronoscalata italiana del 2025 valevole per il Campionato Italiano Velocit\u00e0 Montagna Nord, che vedr\u00e0 anche l\u2019esordio della International Race Salita, iniziativa che contempla sei cronoscalate delle Tre Venezie.<br \/>\nAssenti i due mattatori delle ultime sei edizioni, Cristian Merli e Simone Faggioli che sar\u00e0 comunque al via in veste di apripista, nell\u2019elenco iscritti da poco ufficializzato spicca il nome di Luigi Fazzino pronto a tornare in gara al volante di un\u2019Osella Turbo, dopo una lunga pausa; lo scorso anno si mise in bella evidenza piazzandosi al terzo posto e quest\u2019anno dovr\u00e0 vedersela con Franco Caruso su Nova Proto NP01-2, Achille Lombardi su Osella PA30, ma anche con Diego De Gasperi, promotore dell\u2019IRSCUP, che sar\u00e0 al volante della Norma M20 FC stessa vettura utilizzata dallo svizzero Fabien Bouduban. Spicca anche il duo di Reynard Formula 3000 portate in gara da Fausto Bormolini e Renzo Maria Napione.<br \/>\nPromette spettacolo anche il parterre del gruppo GT con le Ferrari 488 e 456 di Roberto e Giovanni Ragazzi a duellare con la Porsche 992 di Rosario Parrino e le Lamborghini Huracan di Bruno Jarach e Mirko Zanardini. Sono per\u00f2 un po\u2019 tutte le categorie a proporre piloti che sapranno rendere incandescente la sfida sui 9.910 metri del percorso che si snoda lungo la SP 349 \u201cdel Costo\u201d e tra le curiosit\u00e0 va segnalato il ritorno in gara dell\u2019ottuagenario Giuseppe Zarpellon su BMW M3 del quasi coetaneo Remigio Ba\u00f9, presente alla Salita del Costo sin dall\u2019edizione del 1977. Due anche le pilotesse, Anna Borgo e Sofia Bonollo, che si contenderanno la classifica loro dedicata mentre una terza, Silvia Fochesato su Fiat Abarth 1000 sar\u00e0 la prima ad affrontare la sfida col cronometro alle 10 di domenica 6 aprile aprendo la gara delle auto storiche che, come sempre, partono prima delle moderne. Sono trentasette in tutto le vetture del passato tra le quali sar\u00e0 da tener d\u2019occhio la Lucchini di Alessandro Bertanza e la Martini F3 di Giuseppe Viali ma anche le Porsche 911 di Giampaolo Basso e Umberto Pizzato che la gara di casa conoscono molto bene.<br \/>\nC\u2019\u00e8 molta attesa anche per la partita di calcio a scopo benefico che si giocher\u00e0 venerd\u00ec alle 18.45 allo stadio di Piovene Rocchette; la Nazionale Piloti Salita capitanata da Simone Faggioli dovr\u00e0 vedersela contro una selezione di rallysti locali tra i quali spiccano i nomi di Paolo Oriella, Efrem Bianco, Simone Romagna, Federico Bottoni.<br \/>\n\u00c8 stato anche confermato il servizio navette per gli spettatori con tre tragitti in cui i mezzi faranno spola: una da inizio salita sino alla Barricatella (sesto tornante) ed una seconda che scender\u00e0 allo stesso punto partendo dal parcheggio IAT di Tresch\u00e8 Conca. Una terza partir\u00e0 da Via Olmo a Cogollo del Cengio per arrivare al terzo tornante. Il servizio \u00e8 compreso nel prezzo del biglietto e avr\u00e0 inizio alle 7. Infine, si confermano gli orari di chiusura della strada come segue: sabato 5 aprile dalle 7.30 alle 13.30 e dalle 14.30 sino alle 18; domenica 6 aprile, dalle 7 alle 18 e comunque sino a cessate esigenze organizzative.<br \/>\nDa domani, venerd\u00ec, la manifestazione entrer\u00e0 nel vivo con le operazioni delle verifiche in zona industriale a Caltrano con inizio alle 10 e fino alle 17.<\/p>\n<p>Informazioni e documenti al sito web www.salitadelcosto.it<\/p>\n<p>Immagine: Antonio Guidi<\/p>\n<p>Ufficio Stampa Salita del Costo<br \/>\nAndrea Zanovello &#8211; www.azetamedia.com<\/p>\n<p>&nbsp;<\/p>\n","protected":false},"excerpt":{"rendered":"<p>L\u2019edizione 2025 che dar\u00e0 il via alla stagione delle cronoscalate tocca una cifra mai raggiunta prima con 194 iscritti, 37 dei quali con le auto storiche. Soddisfazione per ACI Vicenza ed i comuni interessati dalla gara. Oltre al CIVM scatta anche la nuova IRSCUP e c\u2019\u00e8 attesa per la sfida calcistica di venerd\u00ec sera tra [&hellip;]<\/p>\n","protected":false},"author":3,"featured_media":2950,"comment_status":"closed","ping_status":"open","sticky":false,"template":"","format":"standard","meta":{"footnotes":""},"categories":[2],"tags":[18,22,28,27,21,23,13,24],"class_list":["post-2949","post","type-post","status-publish","format-standard","has-post-thumbnail","hentry","category-ultime-notizie","tag-acivicenza","tag-caltrano","tag-campionatoitalianovelocitamontagna","tag-civm","tag-cogollodelcengio","tag-roana","tag-salita-del-costo","tag-velocitainsalita"],"yoast_head":"<!-- This site is optimized with the Yoast SEO plugin v26.9 - https:\/\/yoast.com\/product\/yoast-seo-wordpress\/ -->\n<title>Boom d\u2019iscritti alla 32^ Salita del Costo - Salita del Costo<\/title>\n<meta name=\"robots\" content=\"index, follow, max-snippet:-1, max-image-preview:large, max-video-preview:-1\" \/>\n<link rel=\"canonical\" href=\"https:\/\/salitadelcosto.it\/index.php\/2025\/04\/03\/boom-discritti-alla-32-salita-del-costo\/\" \/>\n<meta property=\"og:locale\" content=\"it_IT\" \/>\n<meta property=\"og:type\" content=\"article\" \/>\n<meta property=\"og:title\" content=\"Boom d\u2019iscritti alla 32^ Salita del Costo - Salita del Costo\" \/>\n<meta property=\"og:description\" content=\"L\u2019edizione 2025 che dar\u00e0 il via alla stagione delle cronoscalate tocca una cifra mai raggiunta prima con 194 iscritti, 37 dei quali con le auto storiche. Soddisfazione per ACI Vicenza ed i comuni interessati dalla gara. Oltre al CIVM scatta anche la nuova IRSCUP e c\u2019\u00e8 attesa per la sfida calcistica di venerd\u00ec sera tra [&hellip;]\" \/>\n<meta property=\"og:url\" content=\"https:\/\/salitadelcosto.it\/index.php\/2025\/04\/03\/boom-discritti-alla-32-salita-del-costo\/\" \/>\n<meta property=\"og:site_name\" content=\"Salita del Costo\" \/>\n<meta property=\"article:published_time\" content=\"2025-04-03T06:50:19+00:00\" \/>\n<meta property=\"og:image\" content=\"https:\/\/salitadelcosto.it\/wp-content\/uploads\/2025\/04\/costo-05.jpg\" \/>\n\t<meta property=\"og:image:width\" content=\"1024\" \/>\n\t<meta property=\"og:image:height\" content=\"683\" \/>\n\t<meta property=\"og:image:type\" content=\"image\/jpeg\" \/>\n<meta name=\"author\" content=\"Azetamedia\" \/>\n<meta name=\"twitter:card\" content=\"summary_large_image\" \/>\n<meta name=\"twitter:label1\" content=\"Scritto da\" \/>\n\t<meta name=\"twitter:data1\" content=\"Azetamedia\" \/>\n\t<meta name=\"twitter:label2\" content=\"Tempo di lettura stimato\" \/>\n\t<meta name=\"twitter:data2\" content=\"4 minuti\" \/>\n<script type=\"application\/ld+json\" class=\"yoast-schema-graph\">{\"@context\":\"https:\/\/schema.org\",\"@graph\":[{\"@type\":\"Article\",\"@id\":\"https:\/\/salitadelcosto.it\/index.php\/2025\/04\/03\/boom-discritti-alla-32-salita-del-costo\/#article\",\"isPartOf\":{\"@id\":\"https:\/\/salitadelcosto.it\/index.php\/2025\/04\/03\/boom-discritti-alla-32-salita-del-costo\/\"},\"author\":{\"name\":\"Azetamedia\",\"@id\":\"https:\/\/salitadelcosto.it\/#\/schema\/person\/f4d1aa9c92f36c17694815172df6171e\"},\"headline\":\"Boom d\u2019iscritti alla 32^ Salita del Costo\",\"datePublished\":\"2025-04-03T06:50:19+00:00\",\"mainEntityOfPage\":{\"@id\":\"https:\/\/salitadelcosto.it\/index.php\/2025\/04\/03\/boom-discritti-alla-32-salita-del-costo\/\"},\"wordCount\":682,\"image\":{\"@id\":\"https:\/\/salitadelcosto.it\/index.php\/2025\/04\/03\/boom-discritti-alla-32-salita-del-costo\/#primaryimage\"},\"thumbnailUrl\":\"https:\/\/salitadelcosto.it\/wp-content\/uploads\/2025\/04\/costo-05.jpg\",\"keywords\":[\"acivicenza\",\"caltrano\",\"campionatoitalianovelocit\u00e0montagna\",\"civm\",\"cogollodelcengio\",\"roana\",\"Salita del Costo\",\"velocit\u00e0insalita\"],\"articleSection\":[\"Ultime Notizie\"],\"inLanguage\":\"it-IT\"},{\"@type\":\"WebPage\",\"@id\":\"https:\/\/salitadelcosto.it\/index.php\/2025\/04\/03\/boom-discritti-alla-32-salita-del-costo\/\",\"url\":\"https:\/\/salitadelcosto.it\/index.php\/2025\/04\/03\/boom-discritti-alla-32-salita-del-costo\/\",\"name\":\"Boom d\u2019iscritti alla 32^ Salita del Costo - Salita del Costo\",\"isPartOf\":{\"@id\":\"https:\/\/salitadelcosto.it\/#website\"},\"primaryImageOfPage\":{\"@id\":\"https:\/\/salitadelcosto.it\/index.php\/2025\/04\/03\/boom-discritti-alla-32-salita-del-costo\/#primaryimage\"},\"image\":{\"@id\":\"https:\/\/salitadelcosto.it\/index.php\/2025\/04\/03\/boom-discritti-alla-32-salita-del-costo\/#primaryimage\"},\"thumbnailUrl\":\"https:\/\/salitadelcosto.it\/wp-content\/uploads\/2025\/04\/costo-05.jpg\",\"datePublished\":\"2025-04-03T06:50:19+00:00\",\"author\":{\"@id\":\"https:\/\/salitadelcosto.it\/#\/schema\/person\/f4d1aa9c92f36c17694815172df6171e\"},\"breadcrumb\":{\"@id\":\"https:\/\/salitadelcosto.it\/index.php\/2025\/04\/03\/boom-discritti-alla-32-salita-del-costo\/#breadcrumb\"},\"inLanguage\":\"it-IT\",\"potentialAction\":[{\"@type\":\"ReadAction\",\"target\":[\"https:\/\/salitadelcosto.it\/index.php\/2025\/04\/03\/boom-discritti-alla-32-salita-del-costo\/\"]}]},{\"@type\":\"ImageObject\",\"inLanguage\":\"it-IT\",\"@id\":\"https:\/\/salitadelcosto.it\/index.php\/2025\/04\/03\/boom-discritti-alla-32-salita-del-costo\/#primaryimage\",\"url\":\"https:\/\/salitadelcosto.it\/wp-content\/uploads\/2025\/04\/costo-05.jpg\",\"contentUrl\":\"https:\/\/salitadelcosto.it\/wp-content\/uploads\/2025\/04\/costo-05.jpg\",\"width\":1024,\"height\":683},{\"@type\":\"BreadcrumbList\",\"@id\":\"https:\/\/salitadelcosto.it\/index.php\/2025\/04\/03\/boom-discritti-alla-32-salita-del-costo\/#breadcrumb\",\"itemListElement\":[{\"@type\":\"ListItem\",\"position\":1,\"name\":\"Home\",\"item\":\"https:\/\/salitadelcosto.it\/index.php\/salita-del-costo-vicenza\/\"},{\"@type\":\"ListItem\",\"position\":2,\"name\":\"Boom d\u2019iscritti alla 32^ Salita del Costo\"}]},{\"@type\":\"WebSite\",\"@id\":\"https:\/\/salitadelcosto.it\/#website\",\"url\":\"https:\/\/salitadelcosto.it\/\",\"name\":\"Salita del Costo\",\"description\":\"\",\"potentialAction\":[{\"@type\":\"SearchAction\",\"target\":{\"@type\":\"EntryPoint\",\"urlTemplate\":\"https:\/\/salitadelcosto.it\/?s={search_term_string}\"},\"query-input\":{\"@type\":\"PropertyValueSpecification\",\"valueRequired\":true,\"valueName\":\"search_term_string\"}}],\"inLanguage\":\"it-IT\"},{\"@type\":\"Person\",\"@id\":\"https:\/\/salitadelcosto.it\/#\/schema\/person\/f4d1aa9c92f36c17694815172df6171e\",\"name\":\"Azetamedia\",\"image\":{\"@type\":\"ImageObject\",\"inLanguage\":\"it-IT\",\"@id\":\"https:\/\/salitadelcosto.it\/#\/schema\/person\/image\/\",\"url\":\"https:\/\/secure.gravatar.com\/avatar\/69724f8828bb1448f0193fba285defeec4e4fe9b923bc31f03d77f26922756c2?s=96&d=mm&r=g\",\"contentUrl\":\"https:\/\/secure.gravatar.com\/avatar\/69724f8828bb1448f0193fba285defeec4e4fe9b923bc31f03d77f26922756c2?s=96&d=mm&r=g\",\"caption\":\"Azetamedia\"},\"url\":\"https:\/\/salitadelcosto.it\/index.php\/author\/andreazanovello\/\"}]}<\/script>\n<!-- \/ Yoast SEO plugin. -->","yoast_head_json":{"title":"Boom d\u2019iscritti alla 32^ Salita del Costo - Salita del Costo","robots":{"index":"index","follow":"follow","max-snippet":"max-snippet:-1","max-image-preview":"max-image-preview:large","max-video-preview":"max-video-preview:-1"},"canonical":"https:\/\/salitadelcosto.it\/index.php\/2025\/04\/03\/boom-discritti-alla-32-salita-del-costo\/","og_locale":"it_IT","og_type":"article","og_title":"Boom d\u2019iscritti alla 32^ Salita del Costo - Salita del Costo","og_description":"L\u2019edizione 2025 che dar\u00e0 il via alla stagione delle cronoscalate tocca una cifra mai raggiunta prima con 194 iscritti, 37 dei quali con le auto storiche. Soddisfazione per ACI Vicenza ed i comuni interessati dalla gara. Oltre al CIVM scatta anche la nuova IRSCUP e c\u2019\u00e8 attesa per la sfida calcistica di venerd\u00ec sera tra [&hellip;]","og_url":"https:\/\/salitadelcosto.it\/index.php\/2025\/04\/03\/boom-discritti-alla-32-salita-del-costo\/","og_site_name":"Salita del Costo","article_published_time":"2025-04-03T06:50:19+00:00","og_image":[{"width":1024,"height":683,"url":"https:\/\/salitadelcosto.it\/wp-content\/uploads\/2025\/04\/costo-05.jpg","type":"image\/jpeg"}],"author":"Azetamedia","twitter_card":"summary_large_image","twitter_misc":{"Scritto da":"Azetamedia","Tempo di lettura stimato":"4 minuti"},"schema":{"@context":"https:\/\/schema.org","@graph":[{"@type":"Article","@id":"https:\/\/salitadelcosto.it\/index.php\/2025\/04\/03\/boom-discritti-alla-32-salita-del-costo\/#article","isPartOf":{"@id":"https:\/\/salitadelcosto.it\/index.php\/2025\/04\/03\/boom-discritti-alla-32-salita-del-costo\/"},"author":{"name":"Azetamedia","@id":"https:\/\/salitadelcosto.it\/#\/schema\/person\/f4d1aa9c92f36c17694815172df6171e"},"headline":"Boom d\u2019iscritti alla 32^ Salita del Costo","datePublished":"2025-04-03T06:50:19+00:00","mainEntityOfPage":{"@id":"https:\/\/salitadelcosto.it\/index.php\/2025\/04\/03\/boom-discritti-alla-32-salita-del-costo\/"},"wordCount":682,"image":{"@id":"https:\/\/salitadelcosto.it\/index.php\/2025\/04\/03\/boom-discritti-alla-32-salita-del-costo\/#primaryimage"},"thumbnailUrl":"https:\/\/salitadelcosto.it\/wp-content\/uploads\/2025\/04\/costo-05.jpg","keywords":["acivicenza","caltrano","campionatoitalianovelocit\u00e0montagna","civm","cogollodelcengio","roana","Salita del Costo","velocit\u00e0insalita"],"articleSection":["Ultime Notizie"],"inLanguage":"it-IT"},{"@type":"WebPage","@id":"https:\/\/salitadelcosto.it\/index.php\/2025\/04\/03\/boom-discritti-alla-32-salita-del-costo\/","url":"https:\/\/salitadelcosto.it\/index.php\/2025\/04\/03\/boom-discritti-alla-32-salita-del-costo\/","name":"Boom d\u2019iscritti alla 32^ Salita del Costo - Salita del Costo","isPartOf":{"@id":"https:\/\/salitadelcosto.it\/#website"},"primaryImageOfPage":{"@id":"https:\/\/salitadelcosto.it\/index.php\/2025\/04\/03\/boom-discritti-alla-32-salita-del-costo\/#primaryimage"},"image":{"@id":"https:\/\/salitadelcosto.it\/index.php\/2025\/04\/03\/boom-discritti-alla-32-salita-del-costo\/#primaryimage"},"thumbnailUrl":"https:\/\/salitadelcosto.it\/wp-content\/uploads\/2025\/04\/costo-05.jpg","datePublished":"2025-04-03T06:50:19+00:00","author":{"@id":"https:\/\/salitadelcosto.it\/#\/schema\/person\/f4d1aa9c92f36c17694815172df6171e"},"breadcrumb":{"@id":"https:\/\/salitadelcosto.it\/index.php\/2025\/04\/03\/boom-discritti-alla-32-salita-del-costo\/#breadcrumb"},"inLanguage":"it-IT","potentialAction":[{"@type":"ReadAction","target":["https:\/\/salitadelcosto.it\/index.php\/2025\/04\/03\/boom-discritti-alla-32-salita-del-costo\/"]}]},{"@type":"ImageObject","inLanguage":"it-IT","@id":"https:\/\/salitadelcosto.it\/index.php\/2025\/04\/03\/boom-discritti-alla-32-salita-del-costo\/#primaryimage","url":"https:\/\/salitadelcosto.it\/wp-content\/uploads\/2025\/04\/costo-05.jpg","contentUrl":"https:\/\/salitadelcosto.it\/wp-content\/uploads\/2025\/04\/costo-05.jpg","width":1024,"height":683},{"@type":"BreadcrumbList","@id":"https:\/\/salitadelcosto.it\/index.php\/2025\/04\/03\/boom-discritti-alla-32-salita-del-costo\/#breadcrumb","itemListElement":[{"@type":"ListItem","position":1,"name":"Home","item":"https:\/\/salitadelcosto.it\/index.php\/salita-del-costo-vicenza\/"},{"@type":"ListItem","position":2,"name":"Boom d\u2019iscritti alla 32^ Salita del Costo"}]},{"@type":"WebSite","@id":"https:\/\/salitadelcosto.it\/#website","url":"https:\/\/salitadelcosto.it\/","name":"Salita del Costo","description":"","potentialAction":[{"@type":"SearchAction","target":{"@type":"EntryPoint","urlTemplate":"https:\/\/salitadelcosto.it\/?s={search_term_string}"},"query-input":{"@type":"PropertyValueSpecification","valueRequired":true,"valueName":"search_term_string"}}],"inLanguage":"it-IT"},{"@type":"Person","@id":"https:\/\/salitadelcosto.it\/#\/schema\/person\/f4d1aa9c92f36c17694815172df6171e","name":"Azetamedia","image":{"@type":"ImageObject","inLanguage":"it-IT","@id":"https:\/\/salitadelcosto.it\/#\/schema\/person\/image\/","url":"https:\/\/secure.gravatar.com\/avatar\/69724f8828bb1448f0193fba285defeec4e4fe9b923bc31f03d77f26922756c2?s=96&d=mm&r=g","contentUrl":"https:\/\/secure.gravatar.com\/avatar\/69724f8828bb1448f0193fba285defeec4e4fe9b923bc31f03d77f26922756c2?s=96&d=mm&r=g","caption":"Azetamedia"},"url":"https:\/\/salitadelcosto.it\/index.php\/author\/andreazanovello\/"}]}},"_links":{"self":[{"href":"https:\/\/salitadelcosto.it\/index.php\/wp-json\/wp\/v2\/posts\/2949","targetHints":{"allow":["GET"]}}],"collection":[{"href":"https:\/\/salitadelcosto.it\/index.php\/wp-json\/wp\/v2\/posts"}],"about":[{"href":"https:\/\/salitadelcosto.it\/index.php\/wp-json\/wp\/v2\/types\/post"}],"author":[{"embeddable":true,"href":"https:\/\/salitadelcosto.it\/index.php\/wp-json\/wp\/v2\/users\/3"}],"replies":[{"embeddable":true,"href":"https:\/\/salitadelcosto.it\/index.php\/wp-json\/wp\/v2\/comments?post=2949"}],"version-history":[{"count":2,"href":"https:\/\/salitadelcosto.it\/index.php\/wp-json\/wp\/v2\/posts\/2949\/revisions"}],"predecessor-version":[{"id":2952,"href":"https:\/\/salitadelcosto.it\/index.php\/wp-json\/wp\/v2\/posts\/2949\/revisions\/2952"}],"wp:featuredmedia":[{"embeddable":true,"href":"https:\/\/salitadelcosto.it\/index.php\/wp-json\/wp\/v2\/media\/2950"}],"wp:attachment":[{"href":"https:\/\/salitadelcosto.it\/index.php\/wp-json\/wp\/v2\/media?parent=2949"}],"wp:term":[{"taxonomy":"category","embeddable":true,"href":"https:\/\/salitadelcosto.it\/index.php\/wp-json\/wp\/v2\/categories?post=2949"},{"taxonomy":"post_tag","embeddable":true,"href":"https:\/\/salitadelcosto.it\/index.php\/wp-json\/wp\/v2\/tags?post=2949"}],"curies":[{"name":"wp","href":"https:\/\/api.w.org\/{rel}","templated":true}]}}