{"id":2844,"date":"2025-03-06T11:34:18","date_gmt":"2025-03-06T11:34:18","guid":{"rendered":"https:\/\/salitadelcosto.it\/?p=2844"},"modified":"2025-03-07T09:19:23","modified_gmt":"2025-03-07T09:19:23","slug":"manca-un-mese-alla-32-salita-del-costo","status":"publish","type":"post","link":"https:\/\/salitadelcosto.it\/index.php\/2025\/03\/06\/manca-un-mese-alla-32-salita-del-costo\/","title":{"rendered":"Manca un mese alla 32^ Salita del Costo"},"content":{"rendered":"<div  class='flex_column av-1ghmt-323452a95a0a9133578b2e5a3ef08dbc av_one_full  avia-builder-el-0  el_before_av_textblock  avia-builder-el-first  first flex_column_div  '     ><style type=\"text\/css\" data-created_by=\"avia_inline_auto\" id=\"style-css-av-lsn3n6kc-b65d5a9531077dad1ffe092bef2e5c8d\">\n#top .av-special-heading.av-lsn3n6kc-b65d5a9531077dad1ffe092bef2e5c8d{\npadding-bottom:10px;\n}\nbody .av-special-heading.av-lsn3n6kc-b65d5a9531077dad1ffe092bef2e5c8d .av-special-heading-tag .heading-char{\nfont-size:25px;\n}\n.av-special-heading.av-lsn3n6kc-b65d5a9531077dad1ffe092bef2e5c8d .av-subheading{\nfont-size:15px;\n}\n<\/style>\n<div  class='av-special-heading av-lsn3n6kc-b65d5a9531077dad1ffe092bef2e5c8d av-special-heading-h2 blockquote modern-quote  avia-builder-el-1  avia-builder-el-no-sibling '><h2 class='av-special-heading-tag'  itemprop=\"headline\"  >Manca un mese alla 32^ Salita del Costo<\/h2><div class=\"special-heading-border\"><div class=\"special-heading-inner-border\"><\/div><\/div><\/div><\/div>\n<section  class='av_textblock_section av-lsn4i9wp-35d4d12cbeb97a56402a99719b7d964e '   itemscope=\"itemscope\" itemtype=\"https:\/\/schema.org\/BlogPosting\" itemprop=\"blogPost\" ><div class='avia_textblock'  itemprop=\"text\" ><p style=\"font-weight: 400;\"><strong><em>Si svolger\u00e0 da venerd\u00ec 4 a domenica 6 aprile l\u2019edizione 2025 della cronoscalata organizzata da ACI Vicenza, primo appuntamento <\/em><\/strong><strong><em>del CIVM Nord e del nuovo trofeo IRS Cup. <\/em><\/strong><strong><em>Al sabato torna anche la parata non competitiva<\/em><\/strong><\/p>\n<\/div><\/section>\n\n<style type=\"text\/css\" data-created_by=\"avia_inline_auto\" id=\"style-css-av-lsn4oai7-5e6104eaf2deaca76af196cb48f7adba\">\n#top .hr.hr-invisible.av-lsn4oai7-5e6104eaf2deaca76af196cb48f7adba{\nheight:10px;\n}\n<\/style>\n<div  class='hr av-lsn4oai7-5e6104eaf2deaca76af196cb48f7adba hr-invisible  avia-builder-el-3  el_after_av_textblock  el_before_av_image '><span class='hr-inner '><span class=\"hr-inner-style\"><\/span><\/span><\/div>\n\n<style type=\"text\/css\" data-created_by=\"avia_inline_auto\" id=\"style-css-av-lsn3knui-71bacab87a59efab8c91aecac0efea9b\">\n.avia-image-container.av-lsn3knui-71bacab87a59efab8c91aecac0efea9b img.avia_image{\nbox-shadow:none;\n}\n.avia-image-container.av-lsn3knui-71bacab87a59efab8c91aecac0efea9b .av-image-caption-overlay-center{\ncolor:#ffffff;\n}\n<\/style>\n<div  class='avia-image-container av-lsn3knui-71bacab87a59efab8c91aecac0efea9b av-styling- avia-align-center  avia-builder-el-4  el_after_av_hr  el_before_av_hr '   itemprop=\"image\" itemscope=\"itemscope\" itemtype=\"https:\/\/schema.org\/ImageObject\" ><div class=\"avia-image-container-inner\"><div class=\"avia-image-overlay-wrap\"><img decoding=\"async\" fetchpriority=\"high\" class='wp-image-2852 avia-img-lazy-loading-not-2852 avia_image ' src=\"https:\/\/salitadelcosto.it\/wp-content\/uploads\/2025\/03\/costo.jpg\" alt='' title='costo'  height=\"1067\" width=\"1600\"  itemprop=\"thumbnailUrl\" srcset=\"https:\/\/salitadelcosto.it\/wp-content\/uploads\/2025\/03\/costo.jpg 1600w, https:\/\/salitadelcosto.it\/wp-content\/uploads\/2025\/03\/costo-300x200.jpg 300w, https:\/\/salitadelcosto.it\/wp-content\/uploads\/2025\/03\/costo-1030x687.jpg 1030w, https:\/\/salitadelcosto.it\/wp-content\/uploads\/2025\/03\/costo-768x512.jpg 768w, https:\/\/salitadelcosto.it\/wp-content\/uploads\/2025\/03\/costo-1536x1024.jpg 1536w, https:\/\/salitadelcosto.it\/wp-content\/uploads\/2025\/03\/costo-1500x1000.jpg 1500w, https:\/\/salitadelcosto.it\/wp-content\/uploads\/2025\/03\/costo-705x470.jpg 705w\" sizes=\"(max-width: 1600px) 100vw, 1600px\" \/><\/div><\/div><\/div>\n\n<style type=\"text\/css\" data-created_by=\"avia_inline_auto\" id=\"style-css-av-11moh-e2190d37dc312efbe3a6ba8cf8130a13\">\n#top .hr.av-11moh-e2190d37dc312efbe3a6ba8cf8130a13{\nmargin-top:30px;\nmargin-bottom:30px;\n}\n.hr.av-11moh-e2190d37dc312efbe3a6ba8cf8130a13 .hr-inner{\nwidth:30;\n}\n<\/style>\n<div  class='hr av-11moh-e2190d37dc312efbe3a6ba8cf8130a13 hr-custom  avia-builder-el-5  el_after_av_image  el_before_av_textblock  hr-center hr-icon-no'><span class='hr-inner inner-border-av-border-thin'><span class=\"hr-inner-style\"><\/span><\/span><\/div>\n<section  class='av_textblock_section av-lsn30vfu-09fc1d87ea89f8c7c3d2cdd44b9c5e73 '   itemscope=\"itemscope\" itemtype=\"https:\/\/schema.org\/BlogPosting\" itemprop=\"blogPost\" ><div class='avia_textblock'  itemprop=\"text\" ><h3 class=\"p1\"><\/h3>\n<p style=\"font-weight: 400;\"><strong><em>Cogollo del Cengio (VI), 5 marzo 2025 <\/em><\/strong>\u2013 Poco pi\u00f9 di quattro settimane sono quelle che mancano allo svolgimento della 32^ Salita del Costo, gara di velocit\u00e0 in salita per auto moderne e storiche in programma a Cogollo del Cengio venerd\u00ec 4, sabato 5 e domenica 6 aprile. Organizzata dall\u2019Automobile Club Vicenza la cronoscalata si correr\u00e0 sul tradizionale percorso che si snoda per 9,910 chilometri lungo la strada provinciale 349 \u201cdel Costo\u201d con partenza da localit\u00e0 Bramonte e arrivo in localit\u00e0 \u201cCampiello\u201d nel comune di Cogollo del Cengio, coinvolgendo anche quelli di Caltrano e Roana.<\/p>\n<p style=\"font-weight: 400;\">Prima gara in salita del 2025, quella del \u201cCosto\u201d aprir\u00e0 le schermaglie per il Campionato Italiano Velocit\u00e0 Montagna ma anche del nuovo trofeo IRS Cup, iniziativa che contempla sei cronoscalate in Veneto, Trentino Alto Adige e Friuli Venezia Giulia; alla salita vicentina l\u2019onore di inaugurare la Serie che comprende, in ordine cronologico, anche Levico\/Vetriolo\/Panarotta \u2013 &#8220;Trofeo Francesco Pera&#8221;, Verzegnis\/Sella Chianzutan, Vittorio Veneto\/Cansiglio, Pedavena\/Croce d\u2019Aune e Cividale\/Castelmonte. Le informazioni sul trofeo sono reperibili al sito web <em><a href=\"https:\/\/smtpsapphire.com\/tracking\/qaR9ZwNjBQLmZmp4Awx5AwV3AmV0BPM5qzS4qaR9ZQbkGj\">www.irscup.it<\/a><\/em> ed \u00e8 stata confermata la presenza nella giornata delle verifiche di un info point dedicato dove si potranno perfezionare le iscrizioni, che comunque si posso effettuare anche tramite il sito di riferimento.<\/p>\n<p style=\"font-weight: 400;\">Il programma della manifestazione si dipana sulle tradizionali tre giornate iniziando da venerd\u00ec 4 aprile dedicato interamente alle verifiche: le sportive a Caltrano nei pressi del supermercato Prix con orario dalle 10 alle 17, le tecniche in zona industriale dalle 10.30 alle 17.30. Sabato 5 con inizio alle 9 scatter\u00e0 la prima delle due salite di ricognizione del percorso con la seconda a seguire. Domenica 6 aprile, la partenza della gara, in manche unica, sar\u00e0 data alle 10 con le auto storiche \u2013 cinquanta quelle ammesse \u2013 che precederanno le moderne.<\/p>\n<p style=\"font-weight: 400;\">Anche per l\u2019edizione 2025 \u00e8 prevista la Parata non competitiva che si svolger\u00e0 in due manches nella sola giornata del sabato, con partenza prima delle vetture da gara. Sono ammesse solo vetture immatricolate, assicurate e in regola col codice della strada.<\/p>\n<p style=\"font-weight: 400;\"><strong><em>Informazioni e documenti al sito web <a href=\"https:\/\/smtpsapphire.com\/tracking\/qaR9ZwNjBQLmZmp4Awx5AwV3AmV0BPM5qzS4qaR9ZQblGt\">www.salitadelcosto.it<\/a><\/em><\/strong><\/p>\n<p style=\"font-weight: 400;\">Ufficio Stampa Salita del Costo<\/p>\n<p style=\"font-weight: 400;\">Andrea Zanovello &#8211; <a href=\"https:\/\/smtpsapphire.com\/tracking\/qaR9ZwNjBQLmZmp4Awx5AwV3AmV0BPM5qzS4qaR9ZQbjHN\">www.azetamedia.com<\/a><\/p>\n<\/div><\/section>\n","protected":false},"excerpt":{"rendered":"<p>32^ Salita del Costo \u2013 Dal 4 al 6 aprile 2025, torna la storica gara di velocit\u00e0 in salita a Cogollo del Cengio (VI). La competizione, su un tracciato di 9,910 km, aprir\u00e0 il Campionato Italiano Velocit\u00e0 Montagna e la nuova IRS Cup. Verifiche venerd\u00ec, ricognizioni sabato e gara domenica dalle ore 10. Prevista anche la Parata non competitiva.<\/p>\n","protected":false},"author":1,"featured_media":2852,"comment_status":"closed","ping_status":"closed","sticky":false,"template":"","format":"standard","meta":{"footnotes":""},"categories":[2],"tags":[14,15,11,13,12],"class_list":["post-2844","post","type-post","status-publish","format-standard","has-post-thumbnail","hentry","category-ultime-notizie","tag-asiago","tag-gara-rally","tag-rally","tag-salita-del-costo","tag-vicenza"],"yoast_head":"<!-- This site is optimized with the Yoast SEO plugin v26.9 - https:\/\/yoast.com\/product\/yoast-seo-wordpress\/ -->\n<title>Manca un mese alla 32^ Salita del Costo - Salita del Costo<\/title>\n<meta name=\"robots\" content=\"index, follow, max-snippet:-1, max-image-preview:large, max-video-preview:-1\" \/>\n<link rel=\"canonical\" href=\"https:\/\/salitadelcosto.it\/index.php\/2025\/03\/06\/manca-un-mese-alla-32-salita-del-costo\/\" \/>\n<meta property=\"og:locale\" content=\"it_IT\" \/>\n<meta property=\"og:type\" content=\"article\" \/>\n<meta property=\"og:title\" content=\"Manca un mese alla 32^ Salita del Costo - Salita del Costo\" \/>\n<meta property=\"og:description\" content=\"32^ Salita del Costo \u2013 Dal 4 al 6 aprile 2025, torna la storica gara di velocit\u00e0 in salita a Cogollo del Cengio (VI). La competizione, su un tracciato di 9,910 km, aprir\u00e0 il Campionato Italiano Velocit\u00e0 Montagna e la nuova IRS Cup. Verifiche venerd\u00ec, ricognizioni sabato e gara domenica dalle ore 10. Prevista anche la Parata non competitiva.\" \/>\n<meta property=\"og:url\" content=\"https:\/\/salitadelcosto.it\/index.php\/2025\/03\/06\/manca-un-mese-alla-32-salita-del-costo\/\" \/>\n<meta property=\"og:site_name\" content=\"Salita del Costo\" \/>\n<meta property=\"article:published_time\" content=\"2025-03-06T11:34:18+00:00\" \/>\n<meta property=\"article:modified_time\" content=\"2025-03-07T09:19:23+00:00\" \/>\n<meta property=\"og:image\" content=\"https:\/\/salitadelcosto.it\/wp-content\/uploads\/2025\/03\/costo.jpg\" \/>\n\t<meta property=\"og:image:width\" content=\"1600\" \/>\n\t<meta property=\"og:image:height\" content=\"1067\" \/>\n\t<meta property=\"og:image:type\" content=\"image\/jpeg\" \/>\n<meta name=\"author\" content=\"admin\" \/>\n<meta name=\"twitter:card\" content=\"summary_large_image\" \/>\n<meta name=\"twitter:label1\" content=\"Scritto da\" \/>\n\t<meta name=\"twitter:data1\" content=\"admin\" \/>\n\t<meta name=\"twitter:label2\" content=\"Tempo di lettura stimato\" \/>\n\t<meta name=\"twitter:data2\" content=\"3 minuti\" \/>\n<script type=\"application\/ld+json\" class=\"yoast-schema-graph\">{\"@context\":\"https:\/\/schema.org\",\"@graph\":[{\"@type\":\"Article\",\"@id\":\"https:\/\/salitadelcosto.it\/index.php\/2025\/03\/06\/manca-un-mese-alla-32-salita-del-costo\/#article\",\"isPartOf\":{\"@id\":\"https:\/\/salitadelcosto.it\/index.php\/2025\/03\/06\/manca-un-mese-alla-32-salita-del-costo\/\"},\"author\":{\"name\":\"admin\",\"@id\":\"https:\/\/salitadelcosto.it\/#\/schema\/person\/dc9e9a3d7d07dc37e25b09a43a312af0\"},\"headline\":\"Manca un mese alla 32^ Salita del Costo\",\"datePublished\":\"2025-03-06T11:34:18+00:00\",\"dateModified\":\"2025-03-07T09:19:23+00:00\",\"mainEntityOfPage\":{\"@id\":\"https:\/\/salitadelcosto.it\/index.php\/2025\/03\/06\/manca-un-mese-alla-32-salita-del-costo\/\"},\"wordCount\":1370,\"image\":{\"@id\":\"https:\/\/salitadelcosto.it\/index.php\/2025\/03\/06\/manca-un-mese-alla-32-salita-del-costo\/#primaryimage\"},\"thumbnailUrl\":\"https:\/\/salitadelcosto.it\/wp-content\/uploads\/2025\/03\/costo.jpg\",\"keywords\":[\"Asiago\",\"Gara rally\",\"Rally\",\"Salita del Costo\",\"Vicenza\"],\"articleSection\":[\"Ultime Notizie\"],\"inLanguage\":\"it-IT\"},{\"@type\":\"WebPage\",\"@id\":\"https:\/\/salitadelcosto.it\/index.php\/2025\/03\/06\/manca-un-mese-alla-32-salita-del-costo\/\",\"url\":\"https:\/\/salitadelcosto.it\/index.php\/2025\/03\/06\/manca-un-mese-alla-32-salita-del-costo\/\",\"name\":\"Manca un mese alla 32^ Salita del Costo - Salita del Costo\",\"isPartOf\":{\"@id\":\"https:\/\/salitadelcosto.it\/#website\"},\"primaryImageOfPage\":{\"@id\":\"https:\/\/salitadelcosto.it\/index.php\/2025\/03\/06\/manca-un-mese-alla-32-salita-del-costo\/#primaryimage\"},\"image\":{\"@id\":\"https:\/\/salitadelcosto.it\/index.php\/2025\/03\/06\/manca-un-mese-alla-32-salita-del-costo\/#primaryimage\"},\"thumbnailUrl\":\"https:\/\/salitadelcosto.it\/wp-content\/uploads\/2025\/03\/costo.jpg\",\"datePublished\":\"2025-03-06T11:34:18+00:00\",\"dateModified\":\"2025-03-07T09:19:23+00:00\",\"author\":{\"@id\":\"https:\/\/salitadelcosto.it\/#\/schema\/person\/dc9e9a3d7d07dc37e25b09a43a312af0\"},\"breadcrumb\":{\"@id\":\"https:\/\/salitadelcosto.it\/index.php\/2025\/03\/06\/manca-un-mese-alla-32-salita-del-costo\/#breadcrumb\"},\"inLanguage\":\"it-IT\",\"potentialAction\":[{\"@type\":\"ReadAction\",\"target\":[\"https:\/\/salitadelcosto.it\/index.php\/2025\/03\/06\/manca-un-mese-alla-32-salita-del-costo\/\"]}]},{\"@type\":\"ImageObject\",\"inLanguage\":\"it-IT\",\"@id\":\"https:\/\/salitadelcosto.it\/index.php\/2025\/03\/06\/manca-un-mese-alla-32-salita-del-costo\/#primaryimage\",\"url\":\"https:\/\/salitadelcosto.it\/wp-content\/uploads\/2025\/03\/costo.jpg\",\"contentUrl\":\"https:\/\/salitadelcosto.it\/wp-content\/uploads\/2025\/03\/costo.jpg\",\"width\":1600,\"height\":1067},{\"@type\":\"BreadcrumbList\",\"@id\":\"https:\/\/salitadelcosto.it\/index.php\/2025\/03\/06\/manca-un-mese-alla-32-salita-del-costo\/#breadcrumb\",\"itemListElement\":[{\"@type\":\"ListItem\",\"position\":1,\"name\":\"Home\",\"item\":\"https:\/\/salitadelcosto.it\/index.php\/salita-del-costo-vicenza\/\"},{\"@type\":\"ListItem\",\"position\":2,\"name\":\"Manca un mese alla 32^ Salita del Costo\"}]},{\"@type\":\"WebSite\",\"@id\":\"https:\/\/salitadelcosto.it\/#website\",\"url\":\"https:\/\/salitadelcosto.it\/\",\"name\":\"Salita del Costo\",\"description\":\"\",\"potentialAction\":[{\"@type\":\"SearchAction\",\"target\":{\"@type\":\"EntryPoint\",\"urlTemplate\":\"https:\/\/salitadelcosto.it\/?s={search_term_string}\"},\"query-input\":{\"@type\":\"PropertyValueSpecification\",\"valueRequired\":true,\"valueName\":\"search_term_string\"}}],\"inLanguage\":\"it-IT\"},{\"@type\":\"Person\",\"@id\":\"https:\/\/salitadelcosto.it\/#\/schema\/person\/dc9e9a3d7d07dc37e25b09a43a312af0\",\"name\":\"admin\",\"image\":{\"@type\":\"ImageObject\",\"inLanguage\":\"it-IT\",\"@id\":\"https:\/\/salitadelcosto.it\/#\/schema\/person\/image\/\",\"url\":\"https:\/\/secure.gravatar.com\/avatar\/58a0a293236ba27d469e3390624e16cede6b9944516b5d9abacee682d12a9d8c?s=96&d=mm&r=g\",\"contentUrl\":\"https:\/\/secure.gravatar.com\/avatar\/58a0a293236ba27d469e3390624e16cede6b9944516b5d9abacee682d12a9d8c?s=96&d=mm&r=g\",\"caption\":\"admin\"},\"sameAs\":[\"https:\/\/salitadelcosto.it\"],\"url\":\"https:\/\/salitadelcosto.it\/index.php\/author\/barzano24\/\"}]}<\/script>\n<!-- \/ Yoast SEO plugin. -->","yoast_head_json":{"title":"Manca un mese alla 32^ Salita del Costo - Salita del Costo","robots":{"index":"index","follow":"follow","max-snippet":"max-snippet:-1","max-image-preview":"max-image-preview:large","max-video-preview":"max-video-preview:-1"},"canonical":"https:\/\/salitadelcosto.it\/index.php\/2025\/03\/06\/manca-un-mese-alla-32-salita-del-costo\/","og_locale":"it_IT","og_type":"article","og_title":"Manca un mese alla 32^ Salita del Costo - Salita del Costo","og_description":"32^ Salita del Costo \u2013 Dal 4 al 6 aprile 2025, torna la storica gara di velocit\u00e0 in salita a Cogollo del Cengio (VI). La competizione, su un tracciato di 9,910 km, aprir\u00e0 il Campionato Italiano Velocit\u00e0 Montagna e la nuova IRS Cup. Verifiche venerd\u00ec, ricognizioni sabato e gara domenica dalle ore 10. Prevista anche la Parata non competitiva.","og_url":"https:\/\/salitadelcosto.it\/index.php\/2025\/03\/06\/manca-un-mese-alla-32-salita-del-costo\/","og_site_name":"Salita del Costo","article_published_time":"2025-03-06T11:34:18+00:00","article_modified_time":"2025-03-07T09:19:23+00:00","og_image":[{"width":1600,"height":1067,"url":"https:\/\/salitadelcosto.it\/wp-content\/uploads\/2025\/03\/costo.jpg","type":"image\/jpeg"}],"author":"admin","twitter_card":"summary_large_image","twitter_misc":{"Scritto da":"admin","Tempo di lettura stimato":"3 minuti"},"schema":{"@context":"https:\/\/schema.org","@graph":[{"@type":"Article","@id":"https:\/\/salitadelcosto.it\/index.php\/2025\/03\/06\/manca-un-mese-alla-32-salita-del-costo\/#article","isPartOf":{"@id":"https:\/\/salitadelcosto.it\/index.php\/2025\/03\/06\/manca-un-mese-alla-32-salita-del-costo\/"},"author":{"name":"admin","@id":"https:\/\/salitadelcosto.it\/#\/schema\/person\/dc9e9a3d7d07dc37e25b09a43a312af0"},"headline":"Manca un mese alla 32^ Salita del Costo","datePublished":"2025-03-06T11:34:18+00:00","dateModified":"2025-03-07T09:19:23+00:00","mainEntityOfPage":{"@id":"https:\/\/salitadelcosto.it\/index.php\/2025\/03\/06\/manca-un-mese-alla-32-salita-del-costo\/"},"wordCount":1370,"image":{"@id":"https:\/\/salitadelcosto.it\/index.php\/2025\/03\/06\/manca-un-mese-alla-32-salita-del-costo\/#primaryimage"},"thumbnailUrl":"https:\/\/salitadelcosto.it\/wp-content\/uploads\/2025\/03\/costo.jpg","keywords":["Asiago","Gara rally","Rally","Salita del Costo","Vicenza"],"articleSection":["Ultime Notizie"],"inLanguage":"it-IT"},{"@type":"WebPage","@id":"https:\/\/salitadelcosto.it\/index.php\/2025\/03\/06\/manca-un-mese-alla-32-salita-del-costo\/","url":"https:\/\/salitadelcosto.it\/index.php\/2025\/03\/06\/manca-un-mese-alla-32-salita-del-costo\/","name":"Manca un mese alla 32^ Salita del Costo - Salita del Costo","isPartOf":{"@id":"https:\/\/salitadelcosto.it\/#website"},"primaryImageOfPage":{"@id":"https:\/\/salitadelcosto.it\/index.php\/2025\/03\/06\/manca-un-mese-alla-32-salita-del-costo\/#primaryimage"},"image":{"@id":"https:\/\/salitadelcosto.it\/index.php\/2025\/03\/06\/manca-un-mese-alla-32-salita-del-costo\/#primaryimage"},"thumbnailUrl":"https:\/\/salitadelcosto.it\/wp-content\/uploads\/2025\/03\/costo.jpg","datePublished":"2025-03-06T11:34:18+00:00","dateModified":"2025-03-07T09:19:23+00:00","author":{"@id":"https:\/\/salitadelcosto.it\/#\/schema\/person\/dc9e9a3d7d07dc37e25b09a43a312af0"},"breadcrumb":{"@id":"https:\/\/salitadelcosto.it\/index.php\/2025\/03\/06\/manca-un-mese-alla-32-salita-del-costo\/#breadcrumb"},"inLanguage":"it-IT","potentialAction":[{"@type":"ReadAction","target":["https:\/\/salitadelcosto.it\/index.php\/2025\/03\/06\/manca-un-mese-alla-32-salita-del-costo\/"]}]},{"@type":"ImageObject","inLanguage":"it-IT","@id":"https:\/\/salitadelcosto.it\/index.php\/2025\/03\/06\/manca-un-mese-alla-32-salita-del-costo\/#primaryimage","url":"https:\/\/salitadelcosto.it\/wp-content\/uploads\/2025\/03\/costo.jpg","contentUrl":"https:\/\/salitadelcosto.it\/wp-content\/uploads\/2025\/03\/costo.jpg","width":1600,"height":1067},{"@type":"BreadcrumbList","@id":"https:\/\/salitadelcosto.it\/index.php\/2025\/03\/06\/manca-un-mese-alla-32-salita-del-costo\/#breadcrumb","itemListElement":[{"@type":"ListItem","position":1,"name":"Home","item":"https:\/\/salitadelcosto.it\/index.php\/salita-del-costo-vicenza\/"},{"@type":"ListItem","position":2,"name":"Manca un mese alla 32^ Salita del Costo"}]},{"@type":"WebSite","@id":"https:\/\/salitadelcosto.it\/#website","url":"https:\/\/salitadelcosto.it\/","name":"Salita del Costo","description":"","potentialAction":[{"@type":"SearchAction","target":{"@type":"EntryPoint","urlTemplate":"https:\/\/salitadelcosto.it\/?s={search_term_string}"},"query-input":{"@type":"PropertyValueSpecification","valueRequired":true,"valueName":"search_term_string"}}],"inLanguage":"it-IT"},{"@type":"Person","@id":"https:\/\/salitadelcosto.it\/#\/schema\/person\/dc9e9a3d7d07dc37e25b09a43a312af0","name":"admin","image":{"@type":"ImageObject","inLanguage":"it-IT","@id":"https:\/\/salitadelcosto.it\/#\/schema\/person\/image\/","url":"https:\/\/secure.gravatar.com\/avatar\/58a0a293236ba27d469e3390624e16cede6b9944516b5d9abacee682d12a9d8c?s=96&d=mm&r=g","contentUrl":"https:\/\/secure.gravatar.com\/avatar\/58a0a293236ba27d469e3390624e16cede6b9944516b5d9abacee682d12a9d8c?s=96&d=mm&r=g","caption":"admin"},"sameAs":["https:\/\/salitadelcosto.it"],"url":"https:\/\/salitadelcosto.it\/index.php\/author\/barzano24\/"}]}},"_links":{"self":[{"href":"https:\/\/salitadelcosto.it\/index.php\/wp-json\/wp\/v2\/posts\/2844","targetHints":{"allow":["GET"]}}],"collection":[{"href":"https:\/\/salitadelcosto.it\/index.php\/wp-json\/wp\/v2\/posts"}],"about":[{"href":"https:\/\/salitadelcosto.it\/index.php\/wp-json\/wp\/v2\/types\/post"}],"author":[{"embeddable":true,"href":"https:\/\/salitadelcosto.it\/index.php\/wp-json\/wp\/v2\/users\/1"}],"replies":[{"embeddable":true,"href":"https:\/\/salitadelcosto.it\/index.php\/wp-json\/wp\/v2\/comments?post=2844"}],"version-history":[{"count":5,"href":"https:\/\/salitadelcosto.it\/index.php\/wp-json\/wp\/v2\/posts\/2844\/revisions"}],"predecessor-version":[{"id":2856,"href":"https:\/\/salitadelcosto.it\/index.php\/wp-json\/wp\/v2\/posts\/2844\/revisions\/2856"}],"wp:featuredmedia":[{"embeddable":true,"href":"https:\/\/salitadelcosto.it\/index.php\/wp-json\/wp\/v2\/media\/2852"}],"wp:attachment":[{"href":"https:\/\/salitadelcosto.it\/index.php\/wp-json\/wp\/v2\/media?parent=2844"}],"wp:term":[{"taxonomy":"category","embeddable":true,"href":"https:\/\/salitadelcosto.it\/index.php\/wp-json\/wp\/v2\/categories?post=2844"},{"taxonomy":"post_tag","embeddable":true,"href":"https:\/\/salitadelcosto.it\/index.php\/wp-json\/wp\/v2\/tags?post=2844"}],"curies":[{"name":"wp","href":"https:\/\/api.w.org\/{rel}","templated":true}]}}