{"id":1324,"date":"2024-04-13T17:18:52","date_gmt":"2024-04-13T17:18:52","guid":{"rendered":"https:\/\/salitadelcosto.it\/?p=1324"},"modified":"2024-04-13T17:18:52","modified_gmt":"2024-04-13T17:18:52","slug":"prove-concluse-alla-31-salita-del-costo","status":"publish","type":"post","link":"https:\/\/salitadelcosto.it\/index.php\/2024\/04\/13\/prove-concluse-alla-31-salita-del-costo\/","title":{"rendered":"Prove concluse alla 31^ Salita del Costo"},"content":{"rendered":"<p><em>Al termine di una seconda manche conclusa nel tardo pomeriggio \u00e8 Cristian Merli a far registrare il miglior riscontro cronometrico precedendo Faggioli e Fazzino. Domani partenza alle 10 e diretta streaming<\/em><\/p>\n<p>Cogollo del Cengio (VI), 13 aprile 2024 \u2013 Terminata da poco la prima giornata di gara della 31^ Salita del Costo che ha visto i centoquaranta piloti impegnati nelle due salite di prova lungo la strada provinciale 349. Qualche interruzione, senza conseguenze, ha rallentato lo svolgimento della seconda manche delle prove che si sono concluse comunque entro l\u2019orario previsto.<br \/>\nCon la strada in condizioni ottimali i piloti non hanno riscontrato alcun problema e il miglior responso cronometrico \u00e8 stato fatto segnale nella seconda salita da Cristian Merli con l\u2019Osella FA20 con la quale ha preceduto di 1\u201d66 la Nova Proto NP01 di Simone Faggioli; terzo crono per il giovane Luigi Fazzino su Osella PA30. Di rilievo anche la prestazione di Enrico Zandon\u00e0, settimo al volante della Wolf GB08 motorizzata Aprilia, Nella top-ten anche i due piloti di casa Andrea Parisi, nono su Osella Pa30 e Alberto Dall\u2019Oglio decimo con la Nova Proto NP03.<br \/>\nTra le \u201cGT\u201d Roberto Ragazzi su Ferrari 488 Challenge stampa il miglior tempo, mentre tra le \u201cTCR\u201d Salvatore Tortora la spunta su Luca Tosini.<br \/>\nNella categoria delle auto storiche \u00e8 l\u2019austriaco Harald Moessler a mettersi in evidenza col suo prototipo Daren MK3.<br \/>\nTerminata la giornata dedicata alle prove ufficiali non resta che attendere lo start della manche di gara prevista alle 10 di domenica mattina con la strada chiusa a partire dalle 7.30; sar\u00e0 preceduta da una parata non competitiva a cui sono ammesse vetture Ferrari in allestimento stradale. Mezzora prima dello start della gara andr\u00e0 in onda anche la diretta video che sar\u00e0 visibile sui canali di ACI Sport TV il cui indirizzo sar\u00e0 pubblicato anche sul sito ufficiale della cronoscalata e sulle pagine social.<\/p>\n<p>Immagine: Andrea De Fazio<\/p>\n","protected":false},"excerpt":{"rendered":"<p>Al termine di una seconda manche conclusa nel tardo pomeriggio \u00e8 Cristian Merli a far registrare il miglior riscontro cronometrico precedendo Faggioli e Fazzino. Domani partenza alle 10 e diretta streaming Cogollo del Cengio (VI), 13 aprile 2024 \u2013 Terminata da poco la prima giornata di gara della 31^ Salita del Costo che ha visto [&hellip;]<\/p>\n","protected":false},"author":3,"featured_media":1325,"comment_status":"closed","ping_status":"open","sticky":false,"template":"","format":"standard","meta":{"footnotes":""},"categories":[2],"tags":[18,22,28,27,21,23,13,25,24],"class_list":["post-1324","post","type-post","status-publish","format-standard","has-post-thumbnail","hentry","category-ultime-notizie","tag-acivicenza","tag-caltrano","tag-campionatoitalianovelocitamontagna","tag-civm","tag-cogollodelcengio","tag-roana","tag-salita-del-costo","tag-salitadelcosto","tag-velocitainsalita"],"yoast_head":"<!-- This site is optimized with the Yoast SEO plugin v26.9 - https:\/\/yoast.com\/product\/yoast-seo-wordpress\/ -->\n<title>Prove concluse alla 31^ Salita del Costo - Salita del Costo<\/title>\n<meta name=\"robots\" content=\"index, follow, max-snippet:-1, max-image-preview:large, max-video-preview:-1\" \/>\n<link rel=\"canonical\" href=\"https:\/\/salitadelcosto.it\/index.php\/2024\/04\/13\/prove-concluse-alla-31-salita-del-costo\/\" \/>\n<meta property=\"og:locale\" content=\"it_IT\" \/>\n<meta property=\"og:type\" content=\"article\" \/>\n<meta property=\"og:title\" content=\"Prove concluse alla 31^ Salita del Costo - Salita del Costo\" \/>\n<meta property=\"og:description\" content=\"Al termine di una seconda manche conclusa nel tardo pomeriggio \u00e8 Cristian Merli a far registrare il miglior riscontro cronometrico precedendo Faggioli e Fazzino. Domani partenza alle 10 e diretta streaming Cogollo del Cengio (VI), 13 aprile 2024 \u2013 Terminata da poco la prima giornata di gara della 31^ Salita del Costo che ha visto [&hellip;]\" \/>\n<meta property=\"og:url\" content=\"https:\/\/salitadelcosto.it\/index.php\/2024\/04\/13\/prove-concluse-alla-31-salita-del-costo\/\" \/>\n<meta property=\"og:site_name\" content=\"Salita del Costo\" \/>\n<meta property=\"article:published_time\" content=\"2024-04-13T17:18:52+00:00\" \/>\n<meta property=\"og:image\" content=\"https:\/\/salitadelcosto.it\/wp-content\/uploads\/2024\/04\/07-costo-prove.jpg\" \/>\n\t<meta property=\"og:image:width\" content=\"1024\" \/>\n\t<meta property=\"og:image:height\" content=\"682\" \/>\n\t<meta property=\"og:image:type\" content=\"image\/jpeg\" \/>\n<meta name=\"author\" content=\"Azetamedia\" \/>\n<meta name=\"twitter:card\" content=\"summary_large_image\" \/>\n<meta name=\"twitter:label1\" content=\"Scritto da\" \/>\n\t<meta name=\"twitter:data1\" content=\"Azetamedia\" \/>\n\t<meta name=\"twitter:label2\" content=\"Tempo di lettura stimato\" \/>\n\t<meta name=\"twitter:data2\" content=\"2 minuti\" \/>\n<script type=\"application\/ld+json\" class=\"yoast-schema-graph\">{\"@context\":\"https:\/\/schema.org\",\"@graph\":[{\"@type\":\"Article\",\"@id\":\"https:\/\/salitadelcosto.it\/index.php\/2024\/04\/13\/prove-concluse-alla-31-salita-del-costo\/#article\",\"isPartOf\":{\"@id\":\"https:\/\/salitadelcosto.it\/index.php\/2024\/04\/13\/prove-concluse-alla-31-salita-del-costo\/\"},\"author\":{\"name\":\"Azetamedia\",\"@id\":\"https:\/\/salitadelcosto.it\/#\/schema\/person\/f4d1aa9c92f36c17694815172df6171e\"},\"headline\":\"Prove concluse alla 31^ Salita del Costo\",\"datePublished\":\"2024-04-13T17:18:52+00:00\",\"mainEntityOfPage\":{\"@id\":\"https:\/\/salitadelcosto.it\/index.php\/2024\/04\/13\/prove-concluse-alla-31-salita-del-costo\/\"},\"wordCount\":311,\"image\":{\"@id\":\"https:\/\/salitadelcosto.it\/index.php\/2024\/04\/13\/prove-concluse-alla-31-salita-del-costo\/#primaryimage\"},\"thumbnailUrl\":\"https:\/\/salitadelcosto.it\/wp-content\/uploads\/2024\/04\/07-costo-prove.jpg\",\"keywords\":[\"acivicenza\",\"caltrano\",\"campionatoitalianovelocit\u00e0montagna\",\"civm\",\"cogollodelcengio\",\"roana\",\"Salita del Costo\",\"salitadelcosto\",\"velocit\u00e0insalita\"],\"articleSection\":[\"Ultime Notizie\"],\"inLanguage\":\"it-IT\"},{\"@type\":\"WebPage\",\"@id\":\"https:\/\/salitadelcosto.it\/index.php\/2024\/04\/13\/prove-concluse-alla-31-salita-del-costo\/\",\"url\":\"https:\/\/salitadelcosto.it\/index.php\/2024\/04\/13\/prove-concluse-alla-31-salita-del-costo\/\",\"name\":\"Prove concluse alla 31^ Salita del Costo - Salita del Costo\",\"isPartOf\":{\"@id\":\"https:\/\/salitadelcosto.it\/#website\"},\"primaryImageOfPage\":{\"@id\":\"https:\/\/salitadelcosto.it\/index.php\/2024\/04\/13\/prove-concluse-alla-31-salita-del-costo\/#primaryimage\"},\"image\":{\"@id\":\"https:\/\/salitadelcosto.it\/index.php\/2024\/04\/13\/prove-concluse-alla-31-salita-del-costo\/#primaryimage\"},\"thumbnailUrl\":\"https:\/\/salitadelcosto.it\/wp-content\/uploads\/2024\/04\/07-costo-prove.jpg\",\"datePublished\":\"2024-04-13T17:18:52+00:00\",\"author\":{\"@id\":\"https:\/\/salitadelcosto.it\/#\/schema\/person\/f4d1aa9c92f36c17694815172df6171e\"},\"breadcrumb\":{\"@id\":\"https:\/\/salitadelcosto.it\/index.php\/2024\/04\/13\/prove-concluse-alla-31-salita-del-costo\/#breadcrumb\"},\"inLanguage\":\"it-IT\",\"potentialAction\":[{\"@type\":\"ReadAction\",\"target\":[\"https:\/\/salitadelcosto.it\/index.php\/2024\/04\/13\/prove-concluse-alla-31-salita-del-costo\/\"]}]},{\"@type\":\"ImageObject\",\"inLanguage\":\"it-IT\",\"@id\":\"https:\/\/salitadelcosto.it\/index.php\/2024\/04\/13\/prove-concluse-alla-31-salita-del-costo\/#primaryimage\",\"url\":\"https:\/\/salitadelcosto.it\/wp-content\/uploads\/2024\/04\/07-costo-prove.jpg\",\"contentUrl\":\"https:\/\/salitadelcosto.it\/wp-content\/uploads\/2024\/04\/07-costo-prove.jpg\",\"width\":1024,\"height\":682},{\"@type\":\"BreadcrumbList\",\"@id\":\"https:\/\/salitadelcosto.it\/index.php\/2024\/04\/13\/prove-concluse-alla-31-salita-del-costo\/#breadcrumb\",\"itemListElement\":[{\"@type\":\"ListItem\",\"position\":1,\"name\":\"Home\",\"item\":\"https:\/\/salitadelcosto.it\/index.php\/salita-del-costo-vicenza\/\"},{\"@type\":\"ListItem\",\"position\":2,\"name\":\"Prove concluse alla 31^ Salita del Costo\"}]},{\"@type\":\"WebSite\",\"@id\":\"https:\/\/salitadelcosto.it\/#website\",\"url\":\"https:\/\/salitadelcosto.it\/\",\"name\":\"Salita del Costo\",\"description\":\"\",\"potentialAction\":[{\"@type\":\"SearchAction\",\"target\":{\"@type\":\"EntryPoint\",\"urlTemplate\":\"https:\/\/salitadelcosto.it\/?s={search_term_string}\"},\"query-input\":{\"@type\":\"PropertyValueSpecification\",\"valueRequired\":true,\"valueName\":\"search_term_string\"}}],\"inLanguage\":\"it-IT\"},{\"@type\":\"Person\",\"@id\":\"https:\/\/salitadelcosto.it\/#\/schema\/person\/f4d1aa9c92f36c17694815172df6171e\",\"name\":\"Azetamedia\",\"image\":{\"@type\":\"ImageObject\",\"inLanguage\":\"it-IT\",\"@id\":\"https:\/\/salitadelcosto.it\/#\/schema\/person\/image\/\",\"url\":\"https:\/\/secure.gravatar.com\/avatar\/69724f8828bb1448f0193fba285defeec4e4fe9b923bc31f03d77f26922756c2?s=96&d=mm&r=g\",\"contentUrl\":\"https:\/\/secure.gravatar.com\/avatar\/69724f8828bb1448f0193fba285defeec4e4fe9b923bc31f03d77f26922756c2?s=96&d=mm&r=g\",\"caption\":\"Azetamedia\"},\"url\":\"https:\/\/salitadelcosto.it\/index.php\/author\/andreazanovello\/\"}]}<\/script>\n<!-- \/ Yoast SEO plugin. -->","yoast_head_json":{"title":"Prove concluse alla 31^ Salita del Costo - Salita del Costo","robots":{"index":"index","follow":"follow","max-snippet":"max-snippet:-1","max-image-preview":"max-image-preview:large","max-video-preview":"max-video-preview:-1"},"canonical":"https:\/\/salitadelcosto.it\/index.php\/2024\/04\/13\/prove-concluse-alla-31-salita-del-costo\/","og_locale":"it_IT","og_type":"article","og_title":"Prove concluse alla 31^ Salita del Costo - Salita del Costo","og_description":"Al termine di una seconda manche conclusa nel tardo pomeriggio \u00e8 Cristian Merli a far registrare il miglior riscontro cronometrico precedendo Faggioli e Fazzino. Domani partenza alle 10 e diretta streaming Cogollo del Cengio (VI), 13 aprile 2024 \u2013 Terminata da poco la prima giornata di gara della 31^ Salita del Costo che ha visto [&hellip;]","og_url":"https:\/\/salitadelcosto.it\/index.php\/2024\/04\/13\/prove-concluse-alla-31-salita-del-costo\/","og_site_name":"Salita del Costo","article_published_time":"2024-04-13T17:18:52+00:00","og_image":[{"width":1024,"height":682,"url":"https:\/\/salitadelcosto.it\/wp-content\/uploads\/2024\/04\/07-costo-prove.jpg","type":"image\/jpeg"}],"author":"Azetamedia","twitter_card":"summary_large_image","twitter_misc":{"Scritto da":"Azetamedia","Tempo di lettura stimato":"2 minuti"},"schema":{"@context":"https:\/\/schema.org","@graph":[{"@type":"Article","@id":"https:\/\/salitadelcosto.it\/index.php\/2024\/04\/13\/prove-concluse-alla-31-salita-del-costo\/#article","isPartOf":{"@id":"https:\/\/salitadelcosto.it\/index.php\/2024\/04\/13\/prove-concluse-alla-31-salita-del-costo\/"},"author":{"name":"Azetamedia","@id":"https:\/\/salitadelcosto.it\/#\/schema\/person\/f4d1aa9c92f36c17694815172df6171e"},"headline":"Prove concluse alla 31^ Salita del Costo","datePublished":"2024-04-13T17:18:52+00:00","mainEntityOfPage":{"@id":"https:\/\/salitadelcosto.it\/index.php\/2024\/04\/13\/prove-concluse-alla-31-salita-del-costo\/"},"wordCount":311,"image":{"@id":"https:\/\/salitadelcosto.it\/index.php\/2024\/04\/13\/prove-concluse-alla-31-salita-del-costo\/#primaryimage"},"thumbnailUrl":"https:\/\/salitadelcosto.it\/wp-content\/uploads\/2024\/04\/07-costo-prove.jpg","keywords":["acivicenza","caltrano","campionatoitalianovelocit\u00e0montagna","civm","cogollodelcengio","roana","Salita del Costo","salitadelcosto","velocit\u00e0insalita"],"articleSection":["Ultime Notizie"],"inLanguage":"it-IT"},{"@type":"WebPage","@id":"https:\/\/salitadelcosto.it\/index.php\/2024\/04\/13\/prove-concluse-alla-31-salita-del-costo\/","url":"https:\/\/salitadelcosto.it\/index.php\/2024\/04\/13\/prove-concluse-alla-31-salita-del-costo\/","name":"Prove concluse alla 31^ Salita del Costo - Salita del Costo","isPartOf":{"@id":"https:\/\/salitadelcosto.it\/#website"},"primaryImageOfPage":{"@id":"https:\/\/salitadelcosto.it\/index.php\/2024\/04\/13\/prove-concluse-alla-31-salita-del-costo\/#primaryimage"},"image":{"@id":"https:\/\/salitadelcosto.it\/index.php\/2024\/04\/13\/prove-concluse-alla-31-salita-del-costo\/#primaryimage"},"thumbnailUrl":"https:\/\/salitadelcosto.it\/wp-content\/uploads\/2024\/04\/07-costo-prove.jpg","datePublished":"2024-04-13T17:18:52+00:00","author":{"@id":"https:\/\/salitadelcosto.it\/#\/schema\/person\/f4d1aa9c92f36c17694815172df6171e"},"breadcrumb":{"@id":"https:\/\/salitadelcosto.it\/index.php\/2024\/04\/13\/prove-concluse-alla-31-salita-del-costo\/#breadcrumb"},"inLanguage":"it-IT","potentialAction":[{"@type":"ReadAction","target":["https:\/\/salitadelcosto.it\/index.php\/2024\/04\/13\/prove-concluse-alla-31-salita-del-costo\/"]}]},{"@type":"ImageObject","inLanguage":"it-IT","@id":"https:\/\/salitadelcosto.it\/index.php\/2024\/04\/13\/prove-concluse-alla-31-salita-del-costo\/#primaryimage","url":"https:\/\/salitadelcosto.it\/wp-content\/uploads\/2024\/04\/07-costo-prove.jpg","contentUrl":"https:\/\/salitadelcosto.it\/wp-content\/uploads\/2024\/04\/07-costo-prove.jpg","width":1024,"height":682},{"@type":"BreadcrumbList","@id":"https:\/\/salitadelcosto.it\/index.php\/2024\/04\/13\/prove-concluse-alla-31-salita-del-costo\/#breadcrumb","itemListElement":[{"@type":"ListItem","position":1,"name":"Home","item":"https:\/\/salitadelcosto.it\/index.php\/salita-del-costo-vicenza\/"},{"@type":"ListItem","position":2,"name":"Prove concluse alla 31^ Salita del Costo"}]},{"@type":"WebSite","@id":"https:\/\/salitadelcosto.it\/#website","url":"https:\/\/salitadelcosto.it\/","name":"Salita del Costo","description":"","potentialAction":[{"@type":"SearchAction","target":{"@type":"EntryPoint","urlTemplate":"https:\/\/salitadelcosto.it\/?s={search_term_string}"},"query-input":{"@type":"PropertyValueSpecification","valueRequired":true,"valueName":"search_term_string"}}],"inLanguage":"it-IT"},{"@type":"Person","@id":"https:\/\/salitadelcosto.it\/#\/schema\/person\/f4d1aa9c92f36c17694815172df6171e","name":"Azetamedia","image":{"@type":"ImageObject","inLanguage":"it-IT","@id":"https:\/\/salitadelcosto.it\/#\/schema\/person\/image\/","url":"https:\/\/secure.gravatar.com\/avatar\/69724f8828bb1448f0193fba285defeec4e4fe9b923bc31f03d77f26922756c2?s=96&d=mm&r=g","contentUrl":"https:\/\/secure.gravatar.com\/avatar\/69724f8828bb1448f0193fba285defeec4e4fe9b923bc31f03d77f26922756c2?s=96&d=mm&r=g","caption":"Azetamedia"},"url":"https:\/\/salitadelcosto.it\/index.php\/author\/andreazanovello\/"}]}},"_links":{"self":[{"href":"https:\/\/salitadelcosto.it\/index.php\/wp-json\/wp\/v2\/posts\/1324","targetHints":{"allow":["GET"]}}],"collection":[{"href":"https:\/\/salitadelcosto.it\/index.php\/wp-json\/wp\/v2\/posts"}],"about":[{"href":"https:\/\/salitadelcosto.it\/index.php\/wp-json\/wp\/v2\/types\/post"}],"author":[{"embeddable":true,"href":"https:\/\/salitadelcosto.it\/index.php\/wp-json\/wp\/v2\/users\/3"}],"replies":[{"embeddable":true,"href":"https:\/\/salitadelcosto.it\/index.php\/wp-json\/wp\/v2\/comments?post=1324"}],"version-history":[{"count":2,"href":"https:\/\/salitadelcosto.it\/index.php\/wp-json\/wp\/v2\/posts\/1324\/revisions"}],"predecessor-version":[{"id":1327,"href":"https:\/\/salitadelcosto.it\/index.php\/wp-json\/wp\/v2\/posts\/1324\/revisions\/1327"}],"wp:featuredmedia":[{"embeddable":true,"href":"https:\/\/salitadelcosto.it\/index.php\/wp-json\/wp\/v2\/media\/1325"}],"wp:attachment":[{"href":"https:\/\/salitadelcosto.it\/index.php\/wp-json\/wp\/v2\/media?parent=1324"}],"wp:term":[{"taxonomy":"category","embeddable":true,"href":"https:\/\/salitadelcosto.it\/index.php\/wp-json\/wp\/v2\/categories?post=1324"},{"taxonomy":"post_tag","embeddable":true,"href":"https:\/\/salitadelcosto.it\/index.php\/wp-json\/wp\/v2\/tags?post=1324"}],"curies":[{"name":"wp","href":"https:\/\/api.w.org\/{rel}","templated":true}]}}