{"id":1298,"date":"2024-04-11T18:21:19","date_gmt":"2024-04-11T18:21:19","guid":{"rendered":"https:\/\/salitadelcosto.it\/?p=1298"},"modified":"2024-04-11T18:21:19","modified_gmt":"2024-04-11T18:21:19","slug":"31-salita-del-costo-ecco-gli-ultimi-dettagli","status":"publish","type":"post","link":"https:\/\/salitadelcosto.it\/index.php\/2024\/04\/11\/31-salita-del-costo-ecco-gli-ultimi-dettagli\/","title":{"rendered":"31^ Salita del Costo: ecco gli ultimi dettagli"},"content":{"rendered":"<p><em>In attesa delle giornate dedicate alle prove e alla gara, l\u2019attenzione si rivolge svolgimento della partita di calcio del venerd\u00ec sera. Si riepilogano, inoltre, gli orari chiusura strade e servizi per gli spettatori. Domenica la gara anche in diretta streaming<\/em><\/p>\n<p>Cogollo del Cengio (VI), 11 aprile 2024 \u2013 Sta per entrare nella fase decisiva la trentunesima edizione della Salita del Costo, cronoscalata valevole per il Campionato Italiano Velocit\u00e0 Montagna Nord che si correr\u00e0 domenica 14 aprile, anticipata dalle due manches di prova al sabato. Da quest\u2019anno la gara \u00e8 stata organizzata dall\u2019Automobile Club Vicenza che ne ha preso le redini in collaborazione coi comuni di Roana, Cogollo del Cengio e Caltrano.<br \/>\nL\u2019elenco iscritti di recente pubblicazione e le previsioni meteo favorevoli per seguire la gara faranno da sicuro richiamo per il pubblico che dovr\u00e0 prendere posto esclusivamente nelle zone ad esso riservate lungo il percorso, che sar\u00e0 chiuso al traffico come segue: sabato dalle 7 alle 13.30 e dalle 14.30 alle 18; domenica, dalle 7 sino a termine manifestazione e non oltre le ore 18.<br \/>\nPer agevolare l\u2019accesso degli spettatori sono stati previsti dei servizi navetta a pagamento sia al sabato che alla domenica. Due mezzi faranno spola dal supermercato Prix di Caltrano con sosta al 1\u00b0 e al 3\u00b0 tornante, a partire dalle 6.30. Un terzo mezzo partir\u00e0 dal supermercato Prix di Mosson per salire sino al piazzale IAT di Tresch\u00e8 Conca, con una sosta per la discesa alla Barricatella; successivamente far\u00e0 spola dal piazzale alla Barricatella con fermata alla Barricata. Al termine della gara i mezzi percorreranno il tragitto inverso.<br \/>\nA precedere le due giornate in cui saranno protagoniste le vetture, ci sar\u00e0 la partita di calcio tra la Squadra Nazionale Piloti Salite ed una rappresentativa di volti noti ed ex calciatori del Lanerossi Vicenza; da una parte si schiereranno Faggioli, Caruso, Dall\u2019Oglio, Maroni, Pedrotti e dall\u2019altra Rigoni, Briaschi, Cunico, Masitto, Margiotta, Vignoni. L\u2019evento si svolger\u00e0 nello stadio di Piovene Rocchette, venerd\u00ec 12 con inizio alle 19.30 e l\u2019incasso sar\u00e0 devoluto all\u2019asilo nido comunale \u201cLe Fontanelle\u201d.<br \/>\nInfine, \u00e8 stata confermata la realizzazione della diretta streaming della gara che sar\u00e0 trasmessa tramite le pagine social ACI Sport TV.<\/p>\n<p>Immagine: Andrea Zanovello<\/p>\n","protected":false},"excerpt":{"rendered":"<p>In attesa delle giornate dedicate alle prove e alla gara, l\u2019attenzione si rivolge svolgimento della partita di calcio del venerd\u00ec sera. Si riepilogano, inoltre, gli orari chiusura strade e servizi per gli spettatori. Domenica la gara anche in diretta streaming Cogollo del Cengio (VI), 11 aprile 2024 \u2013 Sta per entrare nella fase decisiva la [&hellip;]<\/p>\n","protected":false},"author":3,"featured_media":1299,"comment_status":"closed","ping_status":"open","sticky":false,"template":"","format":"standard","meta":{"footnotes":""},"categories":[2],"tags":[20,18,22,28,27,21,23,13,25,24],"class_list":["post-1298","post","type-post","status-publish","format-standard","has-post-thumbnail","hentry","category-ultime-notizie","tag-acisport","tag-acivicenza","tag-caltrano","tag-campionatoitalianovelocitamontagna","tag-civm","tag-cogollodelcengio","tag-roana","tag-salita-del-costo","tag-salitadelcosto","tag-velocitainsalita"],"yoast_head":"<!-- This site is optimized with the Yoast SEO plugin v26.9 - https:\/\/yoast.com\/product\/yoast-seo-wordpress\/ -->\n<title>31^ Salita del Costo: ecco gli ultimi dettagli - Salita del Costo<\/title>\n<meta name=\"robots\" content=\"index, follow, max-snippet:-1, max-image-preview:large, max-video-preview:-1\" \/>\n<link rel=\"canonical\" href=\"https:\/\/salitadelcosto.it\/index.php\/2024\/04\/11\/31-salita-del-costo-ecco-gli-ultimi-dettagli\/\" \/>\n<meta property=\"og:locale\" content=\"it_IT\" \/>\n<meta property=\"og:type\" content=\"article\" \/>\n<meta property=\"og:title\" content=\"31^ Salita del Costo: ecco gli ultimi dettagli - Salita del Costo\" \/>\n<meta property=\"og:description\" content=\"In attesa delle giornate dedicate alle prove e alla gara, l\u2019attenzione si rivolge svolgimento della partita di calcio del venerd\u00ec sera. Si riepilogano, inoltre, gli orari chiusura strade e servizi per gli spettatori. Domenica la gara anche in diretta streaming Cogollo del Cengio (VI), 11 aprile 2024 \u2013 Sta per entrare nella fase decisiva la [&hellip;]\" \/>\n<meta property=\"og:url\" content=\"https:\/\/salitadelcosto.it\/index.php\/2024\/04\/11\/31-salita-del-costo-ecco-gli-ultimi-dettagli\/\" \/>\n<meta property=\"og:site_name\" content=\"Salita del Costo\" \/>\n<meta property=\"article:published_time\" content=\"2024-04-11T18:21:19+00:00\" \/>\n<meta property=\"og:image\" content=\"https:\/\/salitadelcosto.it\/wp-content\/uploads\/2024\/04\/costo-06.jpg\" \/>\n\t<meta property=\"og:image:width\" content=\"1024\" \/>\n\t<meta property=\"og:image:height\" content=\"683\" \/>\n\t<meta property=\"og:image:type\" content=\"image\/jpeg\" \/>\n<meta name=\"author\" content=\"Azetamedia\" \/>\n<meta name=\"twitter:card\" content=\"summary_large_image\" \/>\n<meta name=\"twitter:label1\" content=\"Scritto da\" \/>\n\t<meta name=\"twitter:data1\" content=\"Azetamedia\" \/>\n\t<meta name=\"twitter:label2\" content=\"Tempo di lettura stimato\" \/>\n\t<meta name=\"twitter:data2\" content=\"2 minuti\" \/>\n<script type=\"application\/ld+json\" class=\"yoast-schema-graph\">{\"@context\":\"https:\/\/schema.org\",\"@graph\":[{\"@type\":\"Article\",\"@id\":\"https:\/\/salitadelcosto.it\/index.php\/2024\/04\/11\/31-salita-del-costo-ecco-gli-ultimi-dettagli\/#article\",\"isPartOf\":{\"@id\":\"https:\/\/salitadelcosto.it\/index.php\/2024\/04\/11\/31-salita-del-costo-ecco-gli-ultimi-dettagli\/\"},\"author\":{\"name\":\"Azetamedia\",\"@id\":\"https:\/\/salitadelcosto.it\/#\/schema\/person\/f4d1aa9c92f36c17694815172df6171e\"},\"headline\":\"31^ Salita del Costo: ecco gli ultimi dettagli\",\"datePublished\":\"2024-04-11T18:21:19+00:00\",\"mainEntityOfPage\":{\"@id\":\"https:\/\/salitadelcosto.it\/index.php\/2024\/04\/11\/31-salita-del-costo-ecco-gli-ultimi-dettagli\/\"},\"wordCount\":362,\"image\":{\"@id\":\"https:\/\/salitadelcosto.it\/index.php\/2024\/04\/11\/31-salita-del-costo-ecco-gli-ultimi-dettagli\/#primaryimage\"},\"thumbnailUrl\":\"https:\/\/salitadelcosto.it\/wp-content\/uploads\/2024\/04\/costo-06.jpg\",\"keywords\":[\"acisport\",\"acivicenza\",\"caltrano\",\"campionatoitalianovelocit\u00e0montagna\",\"civm\",\"cogollodelcengio\",\"roana\",\"Salita del Costo\",\"salitadelcosto\",\"velocit\u00e0insalita\"],\"articleSection\":[\"Ultime Notizie\"],\"inLanguage\":\"it-IT\"},{\"@type\":\"WebPage\",\"@id\":\"https:\/\/salitadelcosto.it\/index.php\/2024\/04\/11\/31-salita-del-costo-ecco-gli-ultimi-dettagli\/\",\"url\":\"https:\/\/salitadelcosto.it\/index.php\/2024\/04\/11\/31-salita-del-costo-ecco-gli-ultimi-dettagli\/\",\"name\":\"31^ Salita del Costo: ecco gli ultimi dettagli - Salita del Costo\",\"isPartOf\":{\"@id\":\"https:\/\/salitadelcosto.it\/#website\"},\"primaryImageOfPage\":{\"@id\":\"https:\/\/salitadelcosto.it\/index.php\/2024\/04\/11\/31-salita-del-costo-ecco-gli-ultimi-dettagli\/#primaryimage\"},\"image\":{\"@id\":\"https:\/\/salitadelcosto.it\/index.php\/2024\/04\/11\/31-salita-del-costo-ecco-gli-ultimi-dettagli\/#primaryimage\"},\"thumbnailUrl\":\"https:\/\/salitadelcosto.it\/wp-content\/uploads\/2024\/04\/costo-06.jpg\",\"datePublished\":\"2024-04-11T18:21:19+00:00\",\"author\":{\"@id\":\"https:\/\/salitadelcosto.it\/#\/schema\/person\/f4d1aa9c92f36c17694815172df6171e\"},\"breadcrumb\":{\"@id\":\"https:\/\/salitadelcosto.it\/index.php\/2024\/04\/11\/31-salita-del-costo-ecco-gli-ultimi-dettagli\/#breadcrumb\"},\"inLanguage\":\"it-IT\",\"potentialAction\":[{\"@type\":\"ReadAction\",\"target\":[\"https:\/\/salitadelcosto.it\/index.php\/2024\/04\/11\/31-salita-del-costo-ecco-gli-ultimi-dettagli\/\"]}]},{\"@type\":\"ImageObject\",\"inLanguage\":\"it-IT\",\"@id\":\"https:\/\/salitadelcosto.it\/index.php\/2024\/04\/11\/31-salita-del-costo-ecco-gli-ultimi-dettagli\/#primaryimage\",\"url\":\"https:\/\/salitadelcosto.it\/wp-content\/uploads\/2024\/04\/costo-06.jpg\",\"contentUrl\":\"https:\/\/salitadelcosto.it\/wp-content\/uploads\/2024\/04\/costo-06.jpg\",\"width\":1024,\"height\":683},{\"@type\":\"BreadcrumbList\",\"@id\":\"https:\/\/salitadelcosto.it\/index.php\/2024\/04\/11\/31-salita-del-costo-ecco-gli-ultimi-dettagli\/#breadcrumb\",\"itemListElement\":[{\"@type\":\"ListItem\",\"position\":1,\"name\":\"Home\",\"item\":\"https:\/\/salitadelcosto.it\/index.php\/salita-del-costo-vicenza\/\"},{\"@type\":\"ListItem\",\"position\":2,\"name\":\"31^ Salita del Costo: ecco gli ultimi dettagli\"}]},{\"@type\":\"WebSite\",\"@id\":\"https:\/\/salitadelcosto.it\/#website\",\"url\":\"https:\/\/salitadelcosto.it\/\",\"name\":\"Salita del Costo\",\"description\":\"\",\"potentialAction\":[{\"@type\":\"SearchAction\",\"target\":{\"@type\":\"EntryPoint\",\"urlTemplate\":\"https:\/\/salitadelcosto.it\/?s={search_term_string}\"},\"query-input\":{\"@type\":\"PropertyValueSpecification\",\"valueRequired\":true,\"valueName\":\"search_term_string\"}}],\"inLanguage\":\"it-IT\"},{\"@type\":\"Person\",\"@id\":\"https:\/\/salitadelcosto.it\/#\/schema\/person\/f4d1aa9c92f36c17694815172df6171e\",\"name\":\"Azetamedia\",\"image\":{\"@type\":\"ImageObject\",\"inLanguage\":\"it-IT\",\"@id\":\"https:\/\/salitadelcosto.it\/#\/schema\/person\/image\/\",\"url\":\"https:\/\/secure.gravatar.com\/avatar\/69724f8828bb1448f0193fba285defeec4e4fe9b923bc31f03d77f26922756c2?s=96&d=mm&r=g\",\"contentUrl\":\"https:\/\/secure.gravatar.com\/avatar\/69724f8828bb1448f0193fba285defeec4e4fe9b923bc31f03d77f26922756c2?s=96&d=mm&r=g\",\"caption\":\"Azetamedia\"},\"url\":\"https:\/\/salitadelcosto.it\/index.php\/author\/andreazanovello\/\"}]}<\/script>\n<!-- \/ Yoast SEO plugin. -->","yoast_head_json":{"title":"31^ Salita del Costo: ecco gli ultimi dettagli - Salita del Costo","robots":{"index":"index","follow":"follow","max-snippet":"max-snippet:-1","max-image-preview":"max-image-preview:large","max-video-preview":"max-video-preview:-1"},"canonical":"https:\/\/salitadelcosto.it\/index.php\/2024\/04\/11\/31-salita-del-costo-ecco-gli-ultimi-dettagli\/","og_locale":"it_IT","og_type":"article","og_title":"31^ Salita del Costo: ecco gli ultimi dettagli - Salita del Costo","og_description":"In attesa delle giornate dedicate alle prove e alla gara, l\u2019attenzione si rivolge svolgimento della partita di calcio del venerd\u00ec sera. Si riepilogano, inoltre, gli orari chiusura strade e servizi per gli spettatori. Domenica la gara anche in diretta streaming Cogollo del Cengio (VI), 11 aprile 2024 \u2013 Sta per entrare nella fase decisiva la [&hellip;]","og_url":"https:\/\/salitadelcosto.it\/index.php\/2024\/04\/11\/31-salita-del-costo-ecco-gli-ultimi-dettagli\/","og_site_name":"Salita del Costo","article_published_time":"2024-04-11T18:21:19+00:00","og_image":[{"width":1024,"height":683,"url":"https:\/\/salitadelcosto.it\/wp-content\/uploads\/2024\/04\/costo-06.jpg","type":"image\/jpeg"}],"author":"Azetamedia","twitter_card":"summary_large_image","twitter_misc":{"Scritto da":"Azetamedia","Tempo di lettura stimato":"2 minuti"},"schema":{"@context":"https:\/\/schema.org","@graph":[{"@type":"Article","@id":"https:\/\/salitadelcosto.it\/index.php\/2024\/04\/11\/31-salita-del-costo-ecco-gli-ultimi-dettagli\/#article","isPartOf":{"@id":"https:\/\/salitadelcosto.it\/index.php\/2024\/04\/11\/31-salita-del-costo-ecco-gli-ultimi-dettagli\/"},"author":{"name":"Azetamedia","@id":"https:\/\/salitadelcosto.it\/#\/schema\/person\/f4d1aa9c92f36c17694815172df6171e"},"headline":"31^ Salita del Costo: ecco gli ultimi dettagli","datePublished":"2024-04-11T18:21:19+00:00","mainEntityOfPage":{"@id":"https:\/\/salitadelcosto.it\/index.php\/2024\/04\/11\/31-salita-del-costo-ecco-gli-ultimi-dettagli\/"},"wordCount":362,"image":{"@id":"https:\/\/salitadelcosto.it\/index.php\/2024\/04\/11\/31-salita-del-costo-ecco-gli-ultimi-dettagli\/#primaryimage"},"thumbnailUrl":"https:\/\/salitadelcosto.it\/wp-content\/uploads\/2024\/04\/costo-06.jpg","keywords":["acisport","acivicenza","caltrano","campionatoitalianovelocit\u00e0montagna","civm","cogollodelcengio","roana","Salita del Costo","salitadelcosto","velocit\u00e0insalita"],"articleSection":["Ultime Notizie"],"inLanguage":"it-IT"},{"@type":"WebPage","@id":"https:\/\/salitadelcosto.it\/index.php\/2024\/04\/11\/31-salita-del-costo-ecco-gli-ultimi-dettagli\/","url":"https:\/\/salitadelcosto.it\/index.php\/2024\/04\/11\/31-salita-del-costo-ecco-gli-ultimi-dettagli\/","name":"31^ Salita del Costo: ecco gli ultimi dettagli - Salita del Costo","isPartOf":{"@id":"https:\/\/salitadelcosto.it\/#website"},"primaryImageOfPage":{"@id":"https:\/\/salitadelcosto.it\/index.php\/2024\/04\/11\/31-salita-del-costo-ecco-gli-ultimi-dettagli\/#primaryimage"},"image":{"@id":"https:\/\/salitadelcosto.it\/index.php\/2024\/04\/11\/31-salita-del-costo-ecco-gli-ultimi-dettagli\/#primaryimage"},"thumbnailUrl":"https:\/\/salitadelcosto.it\/wp-content\/uploads\/2024\/04\/costo-06.jpg","datePublished":"2024-04-11T18:21:19+00:00","author":{"@id":"https:\/\/salitadelcosto.it\/#\/schema\/person\/f4d1aa9c92f36c17694815172df6171e"},"breadcrumb":{"@id":"https:\/\/salitadelcosto.it\/index.php\/2024\/04\/11\/31-salita-del-costo-ecco-gli-ultimi-dettagli\/#breadcrumb"},"inLanguage":"it-IT","potentialAction":[{"@type":"ReadAction","target":["https:\/\/salitadelcosto.it\/index.php\/2024\/04\/11\/31-salita-del-costo-ecco-gli-ultimi-dettagli\/"]}]},{"@type":"ImageObject","inLanguage":"it-IT","@id":"https:\/\/salitadelcosto.it\/index.php\/2024\/04\/11\/31-salita-del-costo-ecco-gli-ultimi-dettagli\/#primaryimage","url":"https:\/\/salitadelcosto.it\/wp-content\/uploads\/2024\/04\/costo-06.jpg","contentUrl":"https:\/\/salitadelcosto.it\/wp-content\/uploads\/2024\/04\/costo-06.jpg","width":1024,"height":683},{"@type":"BreadcrumbList","@id":"https:\/\/salitadelcosto.it\/index.php\/2024\/04\/11\/31-salita-del-costo-ecco-gli-ultimi-dettagli\/#breadcrumb","itemListElement":[{"@type":"ListItem","position":1,"name":"Home","item":"https:\/\/salitadelcosto.it\/index.php\/salita-del-costo-vicenza\/"},{"@type":"ListItem","position":2,"name":"31^ Salita del Costo: ecco gli ultimi dettagli"}]},{"@type":"WebSite","@id":"https:\/\/salitadelcosto.it\/#website","url":"https:\/\/salitadelcosto.it\/","name":"Salita del Costo","description":"","potentialAction":[{"@type":"SearchAction","target":{"@type":"EntryPoint","urlTemplate":"https:\/\/salitadelcosto.it\/?s={search_term_string}"},"query-input":{"@type":"PropertyValueSpecification","valueRequired":true,"valueName":"search_term_string"}}],"inLanguage":"it-IT"},{"@type":"Person","@id":"https:\/\/salitadelcosto.it\/#\/schema\/person\/f4d1aa9c92f36c17694815172df6171e","name":"Azetamedia","image":{"@type":"ImageObject","inLanguage":"it-IT","@id":"https:\/\/salitadelcosto.it\/#\/schema\/person\/image\/","url":"https:\/\/secure.gravatar.com\/avatar\/69724f8828bb1448f0193fba285defeec4e4fe9b923bc31f03d77f26922756c2?s=96&d=mm&r=g","contentUrl":"https:\/\/secure.gravatar.com\/avatar\/69724f8828bb1448f0193fba285defeec4e4fe9b923bc31f03d77f26922756c2?s=96&d=mm&r=g","caption":"Azetamedia"},"url":"https:\/\/salitadelcosto.it\/index.php\/author\/andreazanovello\/"}]}},"_links":{"self":[{"href":"https:\/\/salitadelcosto.it\/index.php\/wp-json\/wp\/v2\/posts\/1298","targetHints":{"allow":["GET"]}}],"collection":[{"href":"https:\/\/salitadelcosto.it\/index.php\/wp-json\/wp\/v2\/posts"}],"about":[{"href":"https:\/\/salitadelcosto.it\/index.php\/wp-json\/wp\/v2\/types\/post"}],"author":[{"embeddable":true,"href":"https:\/\/salitadelcosto.it\/index.php\/wp-json\/wp\/v2\/users\/3"}],"replies":[{"embeddable":true,"href":"https:\/\/salitadelcosto.it\/index.php\/wp-json\/wp\/v2\/comments?post=1298"}],"version-history":[{"count":2,"href":"https:\/\/salitadelcosto.it\/index.php\/wp-json\/wp\/v2\/posts\/1298\/revisions"}],"predecessor-version":[{"id":1301,"href":"https:\/\/salitadelcosto.it\/index.php\/wp-json\/wp\/v2\/posts\/1298\/revisions\/1301"}],"wp:featuredmedia":[{"embeddable":true,"href":"https:\/\/salitadelcosto.it\/index.php\/wp-json\/wp\/v2\/media\/1299"}],"wp:attachment":[{"href":"https:\/\/salitadelcosto.it\/index.php\/wp-json\/wp\/v2\/media?parent=1298"}],"wp:term":[{"taxonomy":"category","embeddable":true,"href":"https:\/\/salitadelcosto.it\/index.php\/wp-json\/wp\/v2\/categories?post=1298"},{"taxonomy":"post_tag","embeddable":true,"href":"https:\/\/salitadelcosto.it\/index.php\/wp-json\/wp\/v2\/tags?post=1298"}],"curies":[{"name":"wp","href":"https:\/\/api.w.org\/{rel}","templated":true}]}}