{"id":1081,"date":"2024-03-14T18:40:23","date_gmt":"2024-03-14T18:40:23","guid":{"rendered":"https:\/\/salitadelcosto.it\/?p=1081"},"modified":"2024-03-14T18:40:23","modified_gmt":"2024-03-14T18:40:23","slug":"tra-un-mese-la-31-salita-del-costo","status":"publish","type":"post","link":"https:\/\/salitadelcosto.it\/index.php\/2024\/03\/14\/tra-un-mese-la-31-salita-del-costo\/","title":{"rendered":"Tra un mese la 31^ Salita del Costo"},"content":{"rendered":"<p><em>Fervono i preparativi per la cronoscalata organizzata da ACI Vicenza, la seconda della stagione 2024 con validit\u00e0 per il C.I.V.M.<\/em><br \/>\n<em>Confermate anche due distinte parate a contorno della gara<\/em><\/p>\n<p>Vicenza, 14 marzo 2024 \u2013 Scorre veloce il conto alla rovescia verso la 31^ edizione della Salita del Costo, la cronoscalata per auto moderne e storiche organizzata dall\u2019Automobile Club Vicenza nelle giornate da venerd\u00ec 12 a domenica 14 aprile, in collaborazione con i tre Comuni coinvolti nella manifestazione: Cogollo del Cengio, Caltrano e Roana.<br \/>\nLa gara valevole per il Campionato Italiano Velocit\u00e0 Montagna zona Nord, sar\u00e0 in ordine temporale la seconda cronoscalata del 2024 e si correr\u00e0 in unica manche sul classico percorso lungo 9.910 metri della strada provinciale 349 \u201cdel Costo\u201d con partenza dal bivio Bramonte.<br \/>\nNel frattempo, il nuovo sito web messo online e presentato in occasione di Rally Racing Meeting, \u00e8 stato aggiornato con tutta la documentazione utile per i concorrenti.<br \/>\nDi recente conferma, \u00e8 anche lo svolgimento della parata non competitiva che, nella giornata del sabato, preceder\u00e0 le vetture in gara in entrambe le manches di prova; saranno ammesse le vetture in regola secondo il codice della strada e regolarmente assicurate. Una seconda parata, riservata ai soci di alcuni club selezionati, preceder\u00e0 alla domenica la manche di gara.<br \/>\nNel sito ufficiale \u00e8 stata anche pubblicata un\u2019importante precisazione normativa attinente il possesso dell\u2019abilitazione per tutti i conduttori, di vetture moderne e storiche, che utilizzeranno vetture per le quali tale requisito sia indispensabile per la partecipazione; sono state dettagliate le varie categorie e le modalit\u00e0 operative per provvedere a quanto richiesto dalla norma.<br \/>\nLe iscrizioni si potranno inviare, secondo la normativa in vigore, sino alle 24 di luned\u00ec 8 aprile; le fasi successive della gara contemplano le verifiche sportive dalle 10 alle 17 di venerd\u00ec 12 presso il Motorhome in zona industriale a Caltrano e le tecniche dalle 10.30 alle 17.30 sempre nella medesima localit\u00e0. Dalle 9 di sabato 13 lo start della prima manche di prove e, a seguire la seconda sessione. Medesimo orario per la partenza della gara alla domenica che si concluder\u00e0 con la cerimonia delle premiazioni ospitata dal Palaciclamino nel Piazzale della Vecchia Stazione, a Cesuna di Roana.<\/p>\n<p>Immagine: Antonio Guidi<\/p>\n","protected":false},"excerpt":{"rendered":"<p>Fervono i preparativi per la cronoscalata organizzata da ACI Vicenza, la seconda della stagione 2024 con validit\u00e0 per il C.I.V.M. Confermate anche due distinte parate a contorno della gara Vicenza, 14 marzo 2024 \u2013 Scorre veloce il conto alla rovescia verso la 31^ edizione della Salita del Costo, la cronoscalata per auto moderne e storiche [&hellip;]<\/p>\n","protected":false},"author":3,"featured_media":1082,"comment_status":"closed","ping_status":"open","sticky":false,"template":"","format":"standard","meta":{"footnotes":""},"categories":[2],"tags":[18,22,28,27,21,26,23,25,24],"class_list":["post-1081","post","type-post","status-publish","format-standard","has-post-thumbnail","hentry","category-ultime-notizie","tag-acivicenza","tag-caltrano","tag-campionatoitalianovelocitamontagna","tag-civm","tag-cogollodelcengio","tag-palaciclamino","tag-roana","tag-salitadelcosto","tag-velocitainsalita"],"yoast_head":"<!-- This site is optimized with the Yoast SEO plugin v26.9 - https:\/\/yoast.com\/product\/yoast-seo-wordpress\/ -->\n<title>Tra un mese la 31^ Salita del Costo - Salita del Costo<\/title>\n<meta name=\"robots\" content=\"index, follow, max-snippet:-1, max-image-preview:large, max-video-preview:-1\" \/>\n<link rel=\"canonical\" href=\"https:\/\/salitadelcosto.it\/index.php\/2024\/03\/14\/tra-un-mese-la-31-salita-del-costo\/\" \/>\n<meta property=\"og:locale\" content=\"it_IT\" \/>\n<meta property=\"og:type\" content=\"article\" \/>\n<meta property=\"og:title\" content=\"Tra un mese la 31^ Salita del Costo - Salita del Costo\" \/>\n<meta property=\"og:description\" content=\"Fervono i preparativi per la cronoscalata organizzata da ACI Vicenza, la seconda della stagione 2024 con validit\u00e0 per il C.I.V.M. Confermate anche due distinte parate a contorno della gara Vicenza, 14 marzo 2024 \u2013 Scorre veloce il conto alla rovescia verso la 31^ edizione della Salita del Costo, la cronoscalata per auto moderne e storiche [&hellip;]\" \/>\n<meta property=\"og:url\" content=\"https:\/\/salitadelcosto.it\/index.php\/2024\/03\/14\/tra-un-mese-la-31-salita-del-costo\/\" \/>\n<meta property=\"og:site_name\" content=\"Salita del Costo\" \/>\n<meta property=\"article:published_time\" content=\"2024-03-14T18:40:23+00:00\" \/>\n<meta property=\"og:image\" content=\"https:\/\/salitadelcosto.it\/wp-content\/uploads\/2024\/03\/salitadelcosto-02.jpg\" \/>\n\t<meta property=\"og:image:width\" content=\"1024\" \/>\n\t<meta property=\"og:image:height\" content=\"683\" \/>\n\t<meta property=\"og:image:type\" content=\"image\/jpeg\" \/>\n<meta name=\"author\" content=\"Azetamedia\" \/>\n<meta name=\"twitter:card\" content=\"summary_large_image\" \/>\n<meta name=\"twitter:label1\" content=\"Scritto da\" \/>\n\t<meta name=\"twitter:data1\" content=\"Azetamedia\" \/>\n\t<meta name=\"twitter:label2\" content=\"Tempo di lettura stimato\" \/>\n\t<meta name=\"twitter:data2\" content=\"2 minuti\" \/>\n<script type=\"application\/ld+json\" class=\"yoast-schema-graph\">{\"@context\":\"https:\/\/schema.org\",\"@graph\":[{\"@type\":\"Article\",\"@id\":\"https:\/\/salitadelcosto.it\/index.php\/2024\/03\/14\/tra-un-mese-la-31-salita-del-costo\/#article\",\"isPartOf\":{\"@id\":\"https:\/\/salitadelcosto.it\/index.php\/2024\/03\/14\/tra-un-mese-la-31-salita-del-costo\/\"},\"author\":{\"name\":\"Azetamedia\",\"@id\":\"https:\/\/salitadelcosto.it\/#\/schema\/person\/f4d1aa9c92f36c17694815172df6171e\"},\"headline\":\"Tra un mese la 31^ Salita del Costo\",\"datePublished\":\"2024-03-14T18:40:23+00:00\",\"mainEntityOfPage\":{\"@id\":\"https:\/\/salitadelcosto.it\/index.php\/2024\/03\/14\/tra-un-mese-la-31-salita-del-costo\/\"},\"wordCount\":357,\"image\":{\"@id\":\"https:\/\/salitadelcosto.it\/index.php\/2024\/03\/14\/tra-un-mese-la-31-salita-del-costo\/#primaryimage\"},\"thumbnailUrl\":\"https:\/\/salitadelcosto.it\/wp-content\/uploads\/2024\/03\/salitadelcosto-02.jpg\",\"keywords\":[\"acivicenza\",\"caltrano\",\"campionatoitalianovelocit\u00e0montagna\",\"civm\",\"cogollodelcengio\",\"palaciclamino\",\"roana\",\"salitadelcosto\",\"velocit\u00e0insalita\"],\"articleSection\":[\"Ultime Notizie\"],\"inLanguage\":\"it-IT\"},{\"@type\":\"WebPage\",\"@id\":\"https:\/\/salitadelcosto.it\/index.php\/2024\/03\/14\/tra-un-mese-la-31-salita-del-costo\/\",\"url\":\"https:\/\/salitadelcosto.it\/index.php\/2024\/03\/14\/tra-un-mese-la-31-salita-del-costo\/\",\"name\":\"Tra un mese la 31^ Salita del Costo - Salita del Costo\",\"isPartOf\":{\"@id\":\"https:\/\/salitadelcosto.it\/#website\"},\"primaryImageOfPage\":{\"@id\":\"https:\/\/salitadelcosto.it\/index.php\/2024\/03\/14\/tra-un-mese-la-31-salita-del-costo\/#primaryimage\"},\"image\":{\"@id\":\"https:\/\/salitadelcosto.it\/index.php\/2024\/03\/14\/tra-un-mese-la-31-salita-del-costo\/#primaryimage\"},\"thumbnailUrl\":\"https:\/\/salitadelcosto.it\/wp-content\/uploads\/2024\/03\/salitadelcosto-02.jpg\",\"datePublished\":\"2024-03-14T18:40:23+00:00\",\"author\":{\"@id\":\"https:\/\/salitadelcosto.it\/#\/schema\/person\/f4d1aa9c92f36c17694815172df6171e\"},\"breadcrumb\":{\"@id\":\"https:\/\/salitadelcosto.it\/index.php\/2024\/03\/14\/tra-un-mese-la-31-salita-del-costo\/#breadcrumb\"},\"inLanguage\":\"it-IT\",\"potentialAction\":[{\"@type\":\"ReadAction\",\"target\":[\"https:\/\/salitadelcosto.it\/index.php\/2024\/03\/14\/tra-un-mese-la-31-salita-del-costo\/\"]}]},{\"@type\":\"ImageObject\",\"inLanguage\":\"it-IT\",\"@id\":\"https:\/\/salitadelcosto.it\/index.php\/2024\/03\/14\/tra-un-mese-la-31-salita-del-costo\/#primaryimage\",\"url\":\"https:\/\/salitadelcosto.it\/wp-content\/uploads\/2024\/03\/salitadelcosto-02.jpg\",\"contentUrl\":\"https:\/\/salitadelcosto.it\/wp-content\/uploads\/2024\/03\/salitadelcosto-02.jpg\",\"width\":1024,\"height\":683},{\"@type\":\"BreadcrumbList\",\"@id\":\"https:\/\/salitadelcosto.it\/index.php\/2024\/03\/14\/tra-un-mese-la-31-salita-del-costo\/#breadcrumb\",\"itemListElement\":[{\"@type\":\"ListItem\",\"position\":1,\"name\":\"Home\",\"item\":\"https:\/\/salitadelcosto.it\/index.php\/salita-del-costo-vicenza\/\"},{\"@type\":\"ListItem\",\"position\":2,\"name\":\"Tra un mese la 31^ Salita del Costo\"}]},{\"@type\":\"WebSite\",\"@id\":\"https:\/\/salitadelcosto.it\/#website\",\"url\":\"https:\/\/salitadelcosto.it\/\",\"name\":\"Salita del Costo\",\"description\":\"\",\"potentialAction\":[{\"@type\":\"SearchAction\",\"target\":{\"@type\":\"EntryPoint\",\"urlTemplate\":\"https:\/\/salitadelcosto.it\/?s={search_term_string}\"},\"query-input\":{\"@type\":\"PropertyValueSpecification\",\"valueRequired\":true,\"valueName\":\"search_term_string\"}}],\"inLanguage\":\"it-IT\"},{\"@type\":\"Person\",\"@id\":\"https:\/\/salitadelcosto.it\/#\/schema\/person\/f4d1aa9c92f36c17694815172df6171e\",\"name\":\"Azetamedia\",\"image\":{\"@type\":\"ImageObject\",\"inLanguage\":\"it-IT\",\"@id\":\"https:\/\/salitadelcosto.it\/#\/schema\/person\/image\/\",\"url\":\"https:\/\/secure.gravatar.com\/avatar\/69724f8828bb1448f0193fba285defeec4e4fe9b923bc31f03d77f26922756c2?s=96&d=mm&r=g\",\"contentUrl\":\"https:\/\/secure.gravatar.com\/avatar\/69724f8828bb1448f0193fba285defeec4e4fe9b923bc31f03d77f26922756c2?s=96&d=mm&r=g\",\"caption\":\"Azetamedia\"},\"url\":\"https:\/\/salitadelcosto.it\/index.php\/author\/andreazanovello\/\"}]}<\/script>\n<!-- \/ Yoast SEO plugin. -->","yoast_head_json":{"title":"Tra un mese la 31^ Salita del Costo - Salita del Costo","robots":{"index":"index","follow":"follow","max-snippet":"max-snippet:-1","max-image-preview":"max-image-preview:large","max-video-preview":"max-video-preview:-1"},"canonical":"https:\/\/salitadelcosto.it\/index.php\/2024\/03\/14\/tra-un-mese-la-31-salita-del-costo\/","og_locale":"it_IT","og_type":"article","og_title":"Tra un mese la 31^ Salita del Costo - Salita del Costo","og_description":"Fervono i preparativi per la cronoscalata organizzata da ACI Vicenza, la seconda della stagione 2024 con validit\u00e0 per il C.I.V.M. Confermate anche due distinte parate a contorno della gara Vicenza, 14 marzo 2024 \u2013 Scorre veloce il conto alla rovescia verso la 31^ edizione della Salita del Costo, la cronoscalata per auto moderne e storiche [&hellip;]","og_url":"https:\/\/salitadelcosto.it\/index.php\/2024\/03\/14\/tra-un-mese-la-31-salita-del-costo\/","og_site_name":"Salita del Costo","article_published_time":"2024-03-14T18:40:23+00:00","og_image":[{"width":1024,"height":683,"url":"https:\/\/salitadelcosto.it\/wp-content\/uploads\/2024\/03\/salitadelcosto-02.jpg","type":"image\/jpeg"}],"author":"Azetamedia","twitter_card":"summary_large_image","twitter_misc":{"Scritto da":"Azetamedia","Tempo di lettura stimato":"2 minuti"},"schema":{"@context":"https:\/\/schema.org","@graph":[{"@type":"Article","@id":"https:\/\/salitadelcosto.it\/index.php\/2024\/03\/14\/tra-un-mese-la-31-salita-del-costo\/#article","isPartOf":{"@id":"https:\/\/salitadelcosto.it\/index.php\/2024\/03\/14\/tra-un-mese-la-31-salita-del-costo\/"},"author":{"name":"Azetamedia","@id":"https:\/\/salitadelcosto.it\/#\/schema\/person\/f4d1aa9c92f36c17694815172df6171e"},"headline":"Tra un mese la 31^ Salita del Costo","datePublished":"2024-03-14T18:40:23+00:00","mainEntityOfPage":{"@id":"https:\/\/salitadelcosto.it\/index.php\/2024\/03\/14\/tra-un-mese-la-31-salita-del-costo\/"},"wordCount":357,"image":{"@id":"https:\/\/salitadelcosto.it\/index.php\/2024\/03\/14\/tra-un-mese-la-31-salita-del-costo\/#primaryimage"},"thumbnailUrl":"https:\/\/salitadelcosto.it\/wp-content\/uploads\/2024\/03\/salitadelcosto-02.jpg","keywords":["acivicenza","caltrano","campionatoitalianovelocit\u00e0montagna","civm","cogollodelcengio","palaciclamino","roana","salitadelcosto","velocit\u00e0insalita"],"articleSection":["Ultime Notizie"],"inLanguage":"it-IT"},{"@type":"WebPage","@id":"https:\/\/salitadelcosto.it\/index.php\/2024\/03\/14\/tra-un-mese-la-31-salita-del-costo\/","url":"https:\/\/salitadelcosto.it\/index.php\/2024\/03\/14\/tra-un-mese-la-31-salita-del-costo\/","name":"Tra un mese la 31^ Salita del Costo - Salita del Costo","isPartOf":{"@id":"https:\/\/salitadelcosto.it\/#website"},"primaryImageOfPage":{"@id":"https:\/\/salitadelcosto.it\/index.php\/2024\/03\/14\/tra-un-mese-la-31-salita-del-costo\/#primaryimage"},"image":{"@id":"https:\/\/salitadelcosto.it\/index.php\/2024\/03\/14\/tra-un-mese-la-31-salita-del-costo\/#primaryimage"},"thumbnailUrl":"https:\/\/salitadelcosto.it\/wp-content\/uploads\/2024\/03\/salitadelcosto-02.jpg","datePublished":"2024-03-14T18:40:23+00:00","author":{"@id":"https:\/\/salitadelcosto.it\/#\/schema\/person\/f4d1aa9c92f36c17694815172df6171e"},"breadcrumb":{"@id":"https:\/\/salitadelcosto.it\/index.php\/2024\/03\/14\/tra-un-mese-la-31-salita-del-costo\/#breadcrumb"},"inLanguage":"it-IT","potentialAction":[{"@type":"ReadAction","target":["https:\/\/salitadelcosto.it\/index.php\/2024\/03\/14\/tra-un-mese-la-31-salita-del-costo\/"]}]},{"@type":"ImageObject","inLanguage":"it-IT","@id":"https:\/\/salitadelcosto.it\/index.php\/2024\/03\/14\/tra-un-mese-la-31-salita-del-costo\/#primaryimage","url":"https:\/\/salitadelcosto.it\/wp-content\/uploads\/2024\/03\/salitadelcosto-02.jpg","contentUrl":"https:\/\/salitadelcosto.it\/wp-content\/uploads\/2024\/03\/salitadelcosto-02.jpg","width":1024,"height":683},{"@type":"BreadcrumbList","@id":"https:\/\/salitadelcosto.it\/index.php\/2024\/03\/14\/tra-un-mese-la-31-salita-del-costo\/#breadcrumb","itemListElement":[{"@type":"ListItem","position":1,"name":"Home","item":"https:\/\/salitadelcosto.it\/index.php\/salita-del-costo-vicenza\/"},{"@type":"ListItem","position":2,"name":"Tra un mese la 31^ Salita del Costo"}]},{"@type":"WebSite","@id":"https:\/\/salitadelcosto.it\/#website","url":"https:\/\/salitadelcosto.it\/","name":"Salita del Costo","description":"","potentialAction":[{"@type":"SearchAction","target":{"@type":"EntryPoint","urlTemplate":"https:\/\/salitadelcosto.it\/?s={search_term_string}"},"query-input":{"@type":"PropertyValueSpecification","valueRequired":true,"valueName":"search_term_string"}}],"inLanguage":"it-IT"},{"@type":"Person","@id":"https:\/\/salitadelcosto.it\/#\/schema\/person\/f4d1aa9c92f36c17694815172df6171e","name":"Azetamedia","image":{"@type":"ImageObject","inLanguage":"it-IT","@id":"https:\/\/salitadelcosto.it\/#\/schema\/person\/image\/","url":"https:\/\/secure.gravatar.com\/avatar\/69724f8828bb1448f0193fba285defeec4e4fe9b923bc31f03d77f26922756c2?s=96&d=mm&r=g","contentUrl":"https:\/\/secure.gravatar.com\/avatar\/69724f8828bb1448f0193fba285defeec4e4fe9b923bc31f03d77f26922756c2?s=96&d=mm&r=g","caption":"Azetamedia"},"url":"https:\/\/salitadelcosto.it\/index.php\/author\/andreazanovello\/"}]}},"_links":{"self":[{"href":"https:\/\/salitadelcosto.it\/index.php\/wp-json\/wp\/v2\/posts\/1081","targetHints":{"allow":["GET"]}}],"collection":[{"href":"https:\/\/salitadelcosto.it\/index.php\/wp-json\/wp\/v2\/posts"}],"about":[{"href":"https:\/\/salitadelcosto.it\/index.php\/wp-json\/wp\/v2\/types\/post"}],"author":[{"embeddable":true,"href":"https:\/\/salitadelcosto.it\/index.php\/wp-json\/wp\/v2\/users\/3"}],"replies":[{"embeddable":true,"href":"https:\/\/salitadelcosto.it\/index.php\/wp-json\/wp\/v2\/comments?post=1081"}],"version-history":[{"count":2,"href":"https:\/\/salitadelcosto.it\/index.php\/wp-json\/wp\/v2\/posts\/1081\/revisions"}],"predecessor-version":[{"id":1084,"href":"https:\/\/salitadelcosto.it\/index.php\/wp-json\/wp\/v2\/posts\/1081\/revisions\/1084"}],"wp:featuredmedia":[{"embeddable":true,"href":"https:\/\/salitadelcosto.it\/index.php\/wp-json\/wp\/v2\/media\/1082"}],"wp:attachment":[{"href":"https:\/\/salitadelcosto.it\/index.php\/wp-json\/wp\/v2\/media?parent=1081"}],"wp:term":[{"taxonomy":"category","embeddable":true,"href":"https:\/\/salitadelcosto.it\/index.php\/wp-json\/wp\/v2\/categories?post=1081"},{"taxonomy":"post_tag","embeddable":true,"href":"https:\/\/salitadelcosto.it\/index.php\/wp-json\/wp\/v2\/tags?post=1081"}],"curies":[{"name":"wp","href":"https:\/\/api.w.org\/{rel}","templated":true}]}}